{"id":4116,"date":"2022-03-15T09:47:51","date_gmt":"2022-03-15T13:47:51","guid":{"rendered":"https:\/\/cje-ndg.com\/?p=4116"},"modified":"2022-03-15T10:09:23","modified_gmt":"2022-03-15T14:09:23","slug":"la-foire-de-lemploi-en-transition-ecologique-fete","status":"publish","type":"post","link":"https:\/\/cje-ndg.com\/en\/la-foire-de-lemploi-en-transition-ecologique-fete\/","title":{"rendered":"la\u00a0Foire de l\u2019emploi en transition \u00e9cologique (FETE)"},"content":{"rendered":"<table border=\"0\" width=\"100%\" cellspacing=\"0\" cellpadding=\"0\" align=\"left\">\n<tbody>\n<tr>\n<td valign=\"top\">Organis\u00e9 par le Regroupement des \u00e9co-quartiers et la Soci\u00e9t\u00e9 de d\u00e9veloppement social, la<strong>\u00a0Foire de l\u2019emploi en transition \u00e9cologique (FETE) est un \u00e9v\u00e9nement de recrutement 100 %\u00a0en ligne<\/strong>\u00a0et\u00a0<strong>non-traditionnel !<\/strong><\/p>\n<p>Pour plus d&#8217;infos, veuillez cliquer <a href=\"https:\/\/foireemploi.org\/inscription\/\">https:\/\/foireemploi.org\/inscription\/<\/a><\/td>\n<\/tr>\n<\/tbody>\n<\/table>\n<p>&nbsp;<\/p>\n<p>&nbsp;<\/p>\n<p><img loading=\"lazy\" decoding=\"async\" class=\"size-medium wp-image-4119 aligncenter\" src=\"https:\/\/cje-ndg.com\/wp-content\/uploads\/2022\/03\/unnamed-300x157.png\" alt=\"\" width=\"300\" height=\"157\" srcset=\"https:\/\/cje-ndg.com\/wp-content\/uploads\/2022\/03\/unnamed-300x157.png 300w, https:\/\/cje-ndg.com\/wp-content\/uploads\/2022\/03\/unnamed-1024x536.png 1024w, https:\/\/cje-ndg.com\/wp-content\/uploads\/2022\/03\/unnamed-768x402.png 768w, https:\/\/cje-ndg.com\/wp-content\/uploads\/2022\/03\/unnamed-18x9.png 18w, https:\/\/cje-ndg.com\/wp-content\/uploads\/2022\/03\/unnamed-480x251.png 480w, https:\/\/cje-ndg.com\/wp-content\/uploads\/2022\/03\/unnamed-640x335.png 640w, https:\/\/cje-ndg.com\/wp-content\/uploads\/2022\/03\/unnamed-720x377.png 720w, https:\/\/cje-ndg.com\/wp-content\/uploads\/2022\/03\/unnamed-960x502.png 960w, https:\/\/cje-ndg.com\/wp-content\/uploads\/2022\/03\/unnamed-1168x611.png 1168w, https:\/\/cje-ndg.com\/wp-content\/uploads\/2022\/03\/unnamed.png 1200w\" sizes=\"auto, (max-width: 300px) 100vw, 300px\" \/><\/p>","protected":false},"excerpt":{"rendered":"<p>Organis\u00e9 par le Regroupement des \u00e9co-quartiers et la Soci\u00e9t\u00e9 de d\u00e9veloppement social, la\u00a0Foire de l\u2019emploi en transition \u00e9cologique (FETE) est un \u00e9v\u00e9nement de recrutement 100 %\u00a0en ligne\u00a0et\u00a0non-traditionnel ! Pour plus [&hellip;]<\/p>\n","protected":false},"author":43,"featured_media":4120,"comment_status":"open","ping_status":"open","sticky":false,"template":"","format":"standard","meta":{"_acf_changed":false,"_uf_show_specific_survey":0,"_uf_disable_surveys":false,"_EventAllDay":false,"_EventTimezone":"","_EventStartDate":"","_EventEndDate":"","_EventStartDateUTC":"","_EventEndDateUTC":"","_EventShowMap":false,"_EventShowMapLink":false,"_EventURL":"","_EventCost":"","_EventCostDescription":"","_EventCurrencySymbol":"","_EventCurrencyCode":"","_EventCurrencyPosition":"","_EventDateTimeSeparator":"","_EventTimeRangeSeparator":"","_EventOrganizerID":[],"_EventVenueID":[],"_OrganizerEmail":"","_OrganizerPhone":"","_OrganizerWebsite":"","_VenueAddress":"","_VenueCity":"","_VenueCountry":"","_VenueProvince":"","_VenueState":"","_VenueZip":"","_VenuePhone":"","_VenueURL":"","_VenueStateProvince":"","_VenueLat":"","_VenueLng":"","_VenueShowMap":false,"_VenueShowMapLink":false,"footnotes":""},"categories":[5],"tags":[130,132,131],"class_list":["post-4116","post","type-post","status-publish","format-standard","has-post-thumbnail","hentry","category-nouvelles","tag-eco-quartiers","tag-la-foire-de-lemploi-en-transition-ecologique-fete","tag-la-societe-de-developpement-social"],"acf":[],"meta_box":[],"_links":{"self":[{"href":"https:\/\/cje-ndg.com\/en\/wp-json\/wp\/v2\/posts\/4116","targetHints":{"allow":["GET"]}}],"collection":[{"href":"https:\/\/cje-ndg.com\/en\/wp-json\/wp\/v2\/posts"}],"about":[{"href":"https:\/\/cje-ndg.com\/en\/wp-json\/wp\/v2\/types\/post"}],"author":[{"embeddable":true,"href":"https:\/\/cje-ndg.com\/en\/wp-json\/wp\/v2\/users\/43"}],"replies":[{"embeddable":true,"href":"https:\/\/cje-ndg.com\/en\/wp-json\/wp\/v2\/comments?post=4116"}],"version-history":[{"count":0,"href":"https:\/\/cje-ndg.com\/en\/wp-json\/wp\/v2\/posts\/4116\/revisions"}],"wp:featuredmedia":[{"embeddable":true,"href":"https:\/\/cje-ndg.com\/en\/wp-json\/wp\/v2\/media\/4120"}],"wp:attachment":[{"href":"https:\/\/cje-ndg.com\/en\/wp-json\/wp\/v2\/media?parent=4116"}],"wp:term":[{"taxonomy":"category","embeddable":true,"href":"https:\/\/cje-ndg.com\/en\/wp-json\/wp\/v2\/categories?post=4116"},{"taxonomy":"post_tag","embeddable":true,"href":"https:\/\/cje-ndg.com\/en\/wp-json\/wp\/v2\/tags?post=4116"}],"curies":[{"name":"wp","href":"https:\/\/api.w.org\/{rel}","templated":true}]}}