{"id":4193,"date":"2022-04-07T13:34:43","date_gmt":"2022-04-07T17:34:43","guid":{"rendered":"https:\/\/cje-ndg.com\/?p=4193"},"modified":"2022-04-07T13:34:43","modified_gmt":"2022-04-07T17:34:43","slug":"lojiq-appel-de-candidatures-contribue-a-la-vie-communautaire-du-village-de-brousse-le-chateau","status":"publish","type":"post","link":"https:\/\/cje-ndg.com\/en\/lojiq-appel-de-candidatures-contribue-a-la-vie-communautaire-du-village-de-brousse-le-chateau\/","title":{"rendered":"LOJIQ-Appel de candidatures-Contribue \u00e0 la vie communautaire du village de Brousse Le Ch\u00e2teau"},"content":{"rendered":"<p>LOJIQ \u2013 Les Offices jeunesse internationaux du Qu\u00e9bec, en partenariat avec l\u2019organisme fran\u00e7ais InSite, souhaite offrir \u00e0 un volontaire l\u2019opportunit\u00e9 de contribuer \u00e0 la vie locale et au d\u00e9veloppement du village de Brousse Le Ch\u00e2teau, en France. Ce mandat de volontariat est d\u2019une dur\u00e9e de 3 mois, du 7 juin au 30 ao\u00fbt 2022, \u00e0 raison de 25h par semaine.<\/p>\n<p>Pour plus de d\u00e9tails sur le mandat, c\u2019est\u00a0<a href=\"https:\/\/www.lojiq.org\/projets-cles-en-main\/contribue-a-la-vie-communautaire-du-village-de-brousse-le-chateau-brousse-le-chateau-france\/\" target=\"_blank\" rel=\"noopener\" data-saferedirecturl=\"https:\/\/www.google.com\/url?q=https:\/\/www.lojiq.org\/projets-cles-en-main\/contribue-a-la-vie-communautaire-du-village-de-brousse-le-chateau-brousse-le-chateau-france\/&amp;source=gmail&amp;ust=1649438897031000&amp;usg=AOvVaw3VgHifTz9XYs-a78di6GqW\">par ici<\/a>!<\/p>","protected":false},"excerpt":{"rendered":"<p>LOJIQ \u2013 Les Offices jeunesse internationaux du Qu\u00e9bec, en partenariat avec l\u2019organisme fran\u00e7ais InSite, souhaite offrir \u00e0 un volontaire l\u2019opportunit\u00e9 de contribuer \u00e0 la vie locale et au d\u00e9veloppement du [&hellip;]<\/p>\n","protected":false},"author":43,"featured_media":4194,"comment_status":"open","ping_status":"open","sticky":false,"template":"","format":"standard","meta":{"_acf_changed":false,"_uf_show_specific_survey":0,"_uf_disable_surveys":false,"_EventAllDay":false,"_EventTimezone":"","_EventStartDate":"","_EventEndDate":"","_EventStartDateUTC":"","_EventEndDateUTC":"","_EventShowMap":false,"_EventShowMapLink":false,"_EventURL":"","_EventCost":"","_EventCostDescription":"","_EventCurrencySymbol":"","_EventCurrencyCode":"","_EventCurrencyPosition":"","_EventDateTimeSeparator":"","_EventTimeRangeSeparator":"","_EventOrganizerID":[],"_EventVenueID":[],"_OrganizerEmail":"","_OrganizerPhone":"","_OrganizerWebsite":"","_VenueAddress":"","_VenueCity":"","_VenueCountry":"","_VenueProvince":"","_VenueState":"","_VenueZip":"","_VenuePhone":"","_VenueURL":"","_VenueStateProvince":"","_VenueLat":"","_VenueLng":"","_VenueShowMap":false,"_VenueShowMapLink":false,"footnotes":""},"categories":[5],"tags":[145,144,147,146],"class_list":["post-4193","post","type-post","status-publish","format-standard","has-post-thumbnail","hentry","category-nouvelles","tag-lorganisme-francais-insite","tag-les-offices-jeunesse-internationaux-du-quebec","tag-lojiq","tag-volontaire-lopportunite"],"acf":[],"meta_box":[],"_links":{"self":[{"href":"https:\/\/cje-ndg.com\/en\/wp-json\/wp\/v2\/posts\/4193","targetHints":{"allow":["GET"]}}],"collection":[{"href":"https:\/\/cje-ndg.com\/en\/wp-json\/wp\/v2\/posts"}],"about":[{"href":"https:\/\/cje-ndg.com\/en\/wp-json\/wp\/v2\/types\/post"}],"author":[{"embeddable":true,"href":"https:\/\/cje-ndg.com\/en\/wp-json\/wp\/v2\/users\/43"}],"replies":[{"embeddable":true,"href":"https:\/\/cje-ndg.com\/en\/wp-json\/wp\/v2\/comments?post=4193"}],"version-history":[{"count":0,"href":"https:\/\/cje-ndg.com\/en\/wp-json\/wp\/v2\/posts\/4193\/revisions"}],"wp:featuredmedia":[{"embeddable":true,"href":"https:\/\/cje-ndg.com\/en\/wp-json\/wp\/v2\/media\/4194"}],"wp:attachment":[{"href":"https:\/\/cje-ndg.com\/en\/wp-json\/wp\/v2\/media?parent=4193"}],"wp:term":[{"taxonomy":"category","embeddable":true,"href":"https:\/\/cje-ndg.com\/en\/wp-json\/wp\/v2\/categories?post=4193"},{"taxonomy":"post_tag","embeddable":true,"href":"https:\/\/cje-ndg.com\/en\/wp-json\/wp\/v2\/tags?post=4193"}],"curies":[{"name":"wp","href":"https:\/\/api.w.org\/{rel}","templated":true}]}}