{"id":4561,"date":"2022-08-29T10:00:11","date_gmt":"2022-08-29T14:00:11","guid":{"rendered":"https:\/\/cje-ndg.com\/?p=4561"},"modified":"2022-07-21T13:55:53","modified_gmt":"2022-07-21T17:55:53","slug":"journee-de-lemploi-laurentides","status":"publish","type":"post","link":"https:\/\/cje-ndg.com\/en\/journee-de-lemploi-laurentides\/","title":{"rendered":"Journ\u00e9e de l\u2019emploi Laurentides"},"content":{"rendered":"<div class=\"et_pb_module et_pb_text et_pb_text_1 et_pb_text_align_left et_pb_bg_layout_light et_had_animation\">\n<div class=\"et_pb_text_inner\">\n<h4>\u00a0Participez \u00e0 notre journ\u00e9e de l\u2019emploi local!<\/h4>\n<\/div>\n<div class=\"et_pb_module et_pb_text et_pb_text_5  et_pb_text_align_left et_pb_bg_layout_light\">\n<div class=\"et_pb_text_inner\">\n<p>Avec la Journ\u00e9e de l\u2019emploi Laurentides, d\u00e9di\u00e9e \u00e0 l\u2019emploi local, vous pourrez rencontrer des employeurs de la r\u00e9gion et d\u00e9couvrir des opportunit\u00e9s professionnelles pour faire avancer votre carri\u00e8re en trouvant un emploi proche de chez vous.<\/p>\n<p>Des organismes seront \u00e9galement pr\u00e9sents pour vous aider et vous accompagner dans vos d\u00e9marches de recherches d\u2019emploi, mais aussi vous conseiller sur les formations.<\/p>\n<p>Samedi 17 septembre (9 h \u2013 16 h) Saint-J\u00e9r\u00f4me<\/p>\n<p>Acad\u00e9mie Lafontaine &#8211; Salle Marc Fortin2171 Bd Maurice, Saint-J\u00e9r\u00f4me, QC J7Y 4M7<\/p>\n<p>Entr\u00e9e et stationnement gratuits<\/p>\n<p>https:\/\/ecarrieres.com\/fr\/evenements\/journee-emploi-laurentides\/<\/p>\n<\/div>\n<\/div>\n<\/div>","protected":false},"excerpt":{"rendered":"<p>\u00a0Participez \u00e0 notre journ\u00e9e de l\u2019emploi local! Avec la Journ\u00e9e de l\u2019emploi Laurentides, d\u00e9di\u00e9e \u00e0 l\u2019emploi local, vous pourrez rencontrer des employeurs de la r\u00e9gion et d\u00e9couvrir des opportunit\u00e9s professionnelles [&hellip;]<\/p>\n","protected":false},"author":43,"featured_media":4562,"comment_status":"open","ping_status":"open","sticky":false,"template":"","format":"standard","meta":{"_acf_changed":false,"_uf_show_specific_survey":0,"_uf_disable_surveys":false,"_EventAllDay":false,"_EventTimezone":"","_EventStartDate":"","_EventEndDate":"","_EventStartDateUTC":"","_EventEndDateUTC":"","_EventShowMap":false,"_EventShowMapLink":false,"_EventURL":"","_EventCost":"","_EventCostDescription":"","_EventCurrencySymbol":"","_EventCurrencyCode":"","_EventCurrencyPosition":"","_EventDateTimeSeparator":"","_EventTimeRangeSeparator":"","_EventOrganizerID":[],"_EventVenueID":[],"_OrganizerEmail":"","_OrganizerPhone":"","_OrganizerWebsite":"","_VenueAddress":"","_VenueCity":"","_VenueCountry":"","_VenueProvince":"","_VenueState":"","_VenueZip":"","_VenuePhone":"","_VenueURL":"","_VenueStateProvince":"","_VenueLat":"","_VenueLng":"","_VenueShowMap":false,"_VenueShowMapLink":false,"footnotes":""},"categories":[5],"tags":[142,195,196],"class_list":["post-4561","post","type-post","status-publish","format-standard","has-post-thumbnail","hentry","category-nouvelles","tag-cje-ndg","tag-journee-de-lemploi","tag-saint-jerome"],"acf":[],"meta_box":[],"_links":{"self":[{"href":"https:\/\/cje-ndg.com\/en\/wp-json\/wp\/v2\/posts\/4561","targetHints":{"allow":["GET"]}}],"collection":[{"href":"https:\/\/cje-ndg.com\/en\/wp-json\/wp\/v2\/posts"}],"about":[{"href":"https:\/\/cje-ndg.com\/en\/wp-json\/wp\/v2\/types\/post"}],"author":[{"embeddable":true,"href":"https:\/\/cje-ndg.com\/en\/wp-json\/wp\/v2\/users\/43"}],"replies":[{"embeddable":true,"href":"https:\/\/cje-ndg.com\/en\/wp-json\/wp\/v2\/comments?post=4561"}],"version-history":[{"count":0,"href":"https:\/\/cje-ndg.com\/en\/wp-json\/wp\/v2\/posts\/4561\/revisions"}],"wp:featuredmedia":[{"embeddable":true,"href":"https:\/\/cje-ndg.com\/en\/wp-json\/wp\/v2\/media\/4562"}],"wp:attachment":[{"href":"https:\/\/cje-ndg.com\/en\/wp-json\/wp\/v2\/media?parent=4561"}],"wp:term":[{"taxonomy":"category","embeddable":true,"href":"https:\/\/cje-ndg.com\/en\/wp-json\/wp\/v2\/categories?post=4561"},{"taxonomy":"post_tag","embeddable":true,"href":"https:\/\/cje-ndg.com\/en\/wp-json\/wp\/v2\/tags?post=4561"}],"curies":[{"name":"wp","href":"https:\/\/api.w.org\/{rel}","templated":true}]}}