{"id":4587,"date":"2022-08-08T10:00:01","date_gmt":"2022-08-08T14:00:01","guid":{"rendered":"https:\/\/cje-ndg.com\/?p=4587"},"modified":"2022-07-27T15:01:37","modified_gmt":"2022-07-27T19:01:37","slug":"jembarque-les-rendez-vous-de-la-mobilite-durable-ile-de-montreal","status":"publish","type":"post","link":"https:\/\/cje-ndg.com\/en\/jembarque-les-rendez-vous-de-la-mobilite-durable-ile-de-montreal\/","title":{"rendered":"J\u2019embarque! Les rendez-vous de la mobilit\u00e9 durable &#8211; \u00cele de Montr\u00e9al"},"content":{"rendered":"<table cellspacing=\"0\" cellpadding=\"0\">\n<tbody>\n<tr>\n<td align=\"left\">\n<div>\n<div>\n<h2 align=\"center\">DERNIER APPEL :<br \/>\nDEVENEZ COLLABORATEUR DE LA CAMPAGNE !<\/h2>\n<\/div>\n<\/div>\n<\/td>\n<\/tr>\n<tr>\n<td height=\"10\"><\/td>\n<\/tr>\n<tr>\n<td align=\"left\">\n<div>\n<div>\n<p align=\"left\">Depuis 2015, le <strong><a href=\"https:\/\/suivi.lnk01.com\/c\/443\/90d2ad39083cdac624e9fce92a0aef600da1028bfa8db545bf91400d039c0144\" target=\"_blank\" rel=\"noopener\" data-saferedirecturl=\"https:\/\/www.google.com\/url?q=https:\/\/suivi.lnk01.com\/c\/443\/90d2ad39083cdac624e9fce92a0aef600da1028bfa8db545bf91400d039c0144&amp;source=gmail&amp;ust=1659022986933000&amp;usg=AOvVaw3pDOAhb3t2snUlAjCd9Gbv\">Conseil r\u00e9gional de l\u2019environnement de Montr\u00e9al<\/a><\/strong> (CRE-Montr\u00e9al) coordonne la campagne\u00a0<strong><a href=\"https:\/\/suivi.lnk01.com\/c\/443\/90d2ad39083cdac624e9fce92a0aef600da1028bfa8db545211aeae903cbf64e\" target=\"_blank\" rel=\"noopener\" data-saferedirecturl=\"https:\/\/www.google.com\/url?q=https:\/\/suivi.lnk01.com\/c\/443\/90d2ad39083cdac624e9fce92a0aef600da1028bfa8db545211aeae903cbf64e&amp;source=gmail&amp;ust=1659022986933000&amp;usg=AOvVaw12g8VwYS1e8qHcPwDa-3_3\">J\u2019embarque! Les rendez-vous de la mobilit\u00e9 durable<\/a><\/strong><strong><a href=\"https:\/\/suivi.lnk01.com\/c\/443\/90d2ad39083cdac624e9fce92a0aef600da1028bfa8db545211aeae903cbf64e\" target=\"_blank\" rel=\"noopener\" data-saferedirecturl=\"https:\/\/www.google.com\/url?q=https:\/\/suivi.lnk01.com\/c\/443\/90d2ad39083cdac624e9fce92a0aef600da1028bfa8db545211aeae903cbf64e&amp;source=gmail&amp;ust=1659022986933000&amp;usg=AOvVaw12g8VwYS1e8qHcPwDa-3_3\"> &#8211; \u00cele de Montr\u00e9al<\/a><\/strong>. Ce rendez-vous incontournable sera de retour cette ann\u00e9e pour sa <strong>8e \u00e9dition<\/strong>, qui se d\u00e9roulera du <strong>1er au 30 septembre 2022<\/strong>.<\/p>\n<p>Tout au long du mois de septembre, le CRE-Montr\u00e9al et ses collaborateurs offrent aux acteurs montr\u00e9alais de la mobilit\u00e9 et au public une programmation riche et vari\u00e9e d\u2019\u00e9v\u00e9nements et activit\u00e9s (conf\u00e9rences, lancements, ateliers, etc.) Une belle fa\u00e7on de valoriser et faire rayonner les initiatives et am\u00e9nagements favorisant les transports actifs, collectifs et partag\u00e9s dans la m\u00e9tropole.<\/p>\n<p>Faites partie de ce grand mouvement et b\u00e9n\u00e9ficiez d\u2019une visibilit\u00e9 suppl\u00e9mentaire en inscrivant vos \u00e9v\u00e9nements et activit\u00e9s sur la mobilit\u00e9 durable dans la programmation de la campagne! 2022.<\/p>\n<\/div>\n<p align=\"left\"><strong>Le d\u00e9voilement de la programmation aura lieu le mardi 16 ao\u00fbt 2022<\/strong> \u00e0 travers un communiqu\u00e9 de presse, notre infolettre et nos r\u00e9seaux sociaux. Pour que votre \u00e9v\u00e9nement ou activit\u00e9 y soit int\u00e9gr\u00e9, merci de nous fournir les informations n\u00e9cessaires via le <strong><a href=\"https:\/\/suivi.lnk01.com\/c\/443\/90d2ad39083cdac624e9fce92a0aef600da1028bfa8db5456fe3917350f694cf\" target=\"_blank\" rel=\"noopener\" data-saferedirecturl=\"https:\/\/www.google.com\/url?q=https:\/\/suivi.lnk01.com\/c\/443\/90d2ad39083cdac624e9fce92a0aef600da1028bfa8db5456fe3917350f694cf&amp;source=gmail&amp;ust=1659022986933000&amp;usg=AOvVaw0cs4LtFntzX7ixj_UJwwo5\">form.<\/a><\/strong> ci-dessus <strong>jusqu&#8217;\u00e0 aujourd&#8217;hui mercredi 27 juillet 2022.\u00a0<\/strong><\/p>\n<p align=\"left\">Pour plus d\u2019information, visitez <strong><a href=\"https:\/\/suivi.lnk01.com\/c\/443\/90d2ad39083cdac624e9fce92a0aef600da1028bfa8db5459de32758b3a78261\" target=\"_blank\" rel=\"noopener\" data-saferedirecturl=\"https:\/\/www.google.com\/url?q=https:\/\/suivi.lnk01.com\/c\/443\/90d2ad39083cdac624e9fce92a0aef600da1028bfa8db5459de32758b3a78261&amp;source=gmail&amp;ust=1659022986933000&amp;usg=AOvVaw1SdV0pi55BFUbHDAzprglC\">rdvmobilitemtl.org<\/a><\/strong> ou \u00e9crivez-nous \u00e0 <a href=\"mailto:rdvmobilite@cremtl.org\" target=\"_blank\" rel=\"noopener\"><strong>rdvmobilite@cremtl.org<\/strong><\/a>.<\/p>\n<\/div>\n<\/td>\n<\/tr>\n<\/tbody>\n<\/table>","protected":false},"excerpt":{"rendered":"<p>DERNIER APPEL : DEVENEZ COLLABORATEUR DE LA CAMPAGNE ! Depuis 2015, le Conseil r\u00e9gional de l\u2019environnement de Montr\u00e9al (CRE-Montr\u00e9al) coordonne la campagne\u00a0J\u2019embarque! Les rendez-vous de la mobilit\u00e9 durable &#8211; \u00cele [&hellip;]<\/p>\n","protected":false},"author":43,"featured_media":4588,"comment_status":"open","ping_status":"open","sticky":false,"template":"","format":"standard","meta":{"_acf_changed":false,"_uf_show_specific_survey":0,"_uf_disable_surveys":false,"_EventAllDay":false,"_EventTimezone":"","_EventStartDate":"","_EventEndDate":"","_EventStartDateUTC":"","_EventEndDateUTC":"","_EventShowMap":false,"_EventShowMapLink":false,"_EventURL":"","_EventCost":"","_EventCostDescription":"","_EventCurrencySymbol":"","_EventCurrencyCode":"","_EventCurrencyPosition":"","_EventDateTimeSeparator":"","_EventTimeRangeSeparator":"","_EventOrganizerID":[],"_EventVenueID":[],"_OrganizerEmail":"","_OrganizerPhone":"","_OrganizerWebsite":"","_VenueAddress":"","_VenueCity":"","_VenueCountry":"","_VenueProvince":"","_VenueState":"","_VenueZip":"","_VenuePhone":"","_VenueURL":"","_VenueStateProvince":"","_VenueLat":"","_VenueLng":"","_VenueShowMap":false,"_VenueShowMapLink":false,"footnotes":""},"categories":[5],"tags":[206,207],"class_list":["post-4587","post","type-post","status-publish","format-standard","has-post-thumbnail","hentry","category-nouvelles","tag-jembarque-les-rendez-vous-de-la-mobilite-durable-ile-de-montreal","tag-le-cre-montreal"],"acf":[],"meta_box":[],"_links":{"self":[{"href":"https:\/\/cje-ndg.com\/en\/wp-json\/wp\/v2\/posts\/4587","targetHints":{"allow":["GET"]}}],"collection":[{"href":"https:\/\/cje-ndg.com\/en\/wp-json\/wp\/v2\/posts"}],"about":[{"href":"https:\/\/cje-ndg.com\/en\/wp-json\/wp\/v2\/types\/post"}],"author":[{"embeddable":true,"href":"https:\/\/cje-ndg.com\/en\/wp-json\/wp\/v2\/users\/43"}],"replies":[{"embeddable":true,"href":"https:\/\/cje-ndg.com\/en\/wp-json\/wp\/v2\/comments?post=4587"}],"version-history":[{"count":0,"href":"https:\/\/cje-ndg.com\/en\/wp-json\/wp\/v2\/posts\/4587\/revisions"}],"wp:featuredmedia":[{"embeddable":true,"href":"https:\/\/cje-ndg.com\/en\/wp-json\/wp\/v2\/media\/4588"}],"wp:attachment":[{"href":"https:\/\/cje-ndg.com\/en\/wp-json\/wp\/v2\/media?parent=4587"}],"wp:term":[{"taxonomy":"category","embeddable":true,"href":"https:\/\/cje-ndg.com\/en\/wp-json\/wp\/v2\/categories?post=4587"},{"taxonomy":"post_tag","embeddable":true,"href":"https:\/\/cje-ndg.com\/en\/wp-json\/wp\/v2\/tags?post=4587"}],"curies":[{"name":"wp","href":"https:\/\/api.w.org\/{rel}","templated":true}]}}