{"id":4607,"date":"2022-08-15T10:00:26","date_gmt":"2022-08-15T14:00:26","guid":{"rendered":"https:\/\/cje-ndg.com\/?p=4607"},"modified":"2022-08-11T13:27:23","modified_gmt":"2022-08-11T17:27:23","slug":"sommet-national-sur-la-francophonie-economique-en-situation-minoritaire","status":"publish","type":"post","link":"https:\/\/cje-ndg.com\/en\/sommet-national-sur-la-francophonie-economique-en-situation-minoritaire\/","title":{"rendered":"Sommet national sur la francophonie \u00e9conomique en situation minoritaire"},"content":{"rendered":"<p><strong>LOJIQ \u2013 Les Offices jeunesse internationaux du Qu\u00e9bec,<\/strong> en collaboration avec le RD\u00c9E Canada, souhaite soutenir la participation de jeunes entrepreneurs au <a href=\"https:\/\/rdee.ca\/projets-du-rdee\/sommet-national\/\" data-saferedirecturl=\"https:\/\/www.google.com\/url?q=https:\/\/rdee.ca\/projets-du-rdee\/sommet-national\/&amp;source=gmail&amp;ust=1660324614183000&amp;usg=AOvVaw3mcMU2xYKcKKwLlJC1N_d5\">Sommet national sur la francophonie \u00e9conomique en situation minoritaire<\/a> qui aura lieu les 28 et 29 septembre 2022 \u00e0 Ottawa.<\/p>\n<p>Le Sommet national repr\u00e9sente une belle occasion pour aller \u00e0 la d\u00e9couverte de nouveaux march\u00e9s en Francophonie canadienne tout en se familiarisant davantage avec les diverses r\u00e9alit\u00e9s des francophones en contexte minoritaire au pays.<\/p>\n<p>Le vendredi 30 septembre sera consacr\u00e9 \u00e0 des visites terrain.<\/p>\n<p><strong>LOJIQ offre le soutien suivant aux participants s\u00e9lectionn\u00e9s\u00a0: <\/strong><br \/>\n\u2013 Une indemnit\u00e9 forfaitaire de 750$ pour le d\u00e9placement \u00e0 Ottawa et les frais d\u2019h\u00e9bergement<\/p>\n<p>\u2013 Un billet donnant acc\u00e8s \u00e0 toutes les activit\u00e9s du Sommet (valeur 372,32$)<\/p>\n<p>\u2013 Une assurance responsabilit\u00e9 civile<\/p>\n<p>\u2013 Une indemnit\u00e9 de transport additionnelle pour les participants qui vivent en r\u00e9gion \u00e9loign\u00e9e au Qu\u00e9bec<\/p>\n<p>Nous recherchons des entrepreneurs qu\u00e9b\u00e9cois \u00e2g\u00e9s entre 18 et 35 ans, citoyens canadiens ou r\u00e9sidents permanent et qui d\u00e9montrent un int\u00e9r\u00eat pour le d\u00e9veloppement de nouveaux march\u00e9s en Francophonie canadienne.<\/p>\n<p>Voici l\u2019appel \u00e0 candidatures\u00a0: <a href=\"https:\/\/www.lojiq.org\/projets-cles-en-main\/participe-au-sommet-national-sur-la-francophonie-economique-en-situation-minoritaire-ottawa-canada\/\" data-saferedirecturl=\"https:\/\/www.google.com\/url?q=https:\/\/www.lojiq.org\/projets-cles-en-main\/participe-au-sommet-national-sur-la-francophonie-economique-en-situation-minoritaire-ottawa-canada\/&amp;source=gmail&amp;ust=1660324614183000&amp;usg=AOvVaw2gwOzwWo3wfS5MCZ0rL1Cg\">https:\/\/www.lojiq.org\/projets-cles-en-main\/participe-au-sommet-national-sur-la-francophonie-economique-en-situation-minoritaire-ottawa-canada\/<\/a><\/p>","protected":false},"excerpt":{"rendered":"<p>LOJIQ \u2013 Les Offices jeunesse internationaux du Qu\u00e9bec, en collaboration avec le RD\u00c9E Canada, souhaite soutenir la participation de jeunes entrepreneurs au Sommet national sur la francophonie \u00e9conomique en situation [&hellip;]<\/p>\n","protected":false},"author":43,"featured_media":4608,"comment_status":"open","ping_status":"open","sticky":false,"template":"","format":"standard","meta":{"_acf_changed":false,"_uf_show_specific_survey":0,"_uf_disable_surveys":false,"_EventAllDay":false,"_EventTimezone":"","_EventStartDate":"","_EventEndDate":"","_EventStartDateUTC":"","_EventEndDateUTC":"","_EventShowMap":false,"_EventShowMapLink":false,"_EventURL":"","_EventCost":"","_EventCostDescription":"","_EventCurrencySymbol":"","_EventCurrencyCode":"","_EventCurrencyPosition":"","_EventDateTimeSeparator":"","_EventTimeRangeSeparator":"","_EventOrganizerID":[],"_EventVenueID":[],"_OrganizerEmail":"","_OrganizerPhone":"","_OrganizerWebsite":"","_VenueAddress":"","_VenueCity":"","_VenueCountry":"","_VenueProvince":"","_VenueState":"","_VenueZip":"","_VenuePhone":"","_VenueURL":"","_VenueStateProvince":"","_VenueLat":"","_VenueLng":"","_VenueShowMap":false,"_VenueShowMapLink":false,"footnotes":""},"categories":[5],"tags":[],"class_list":["post-4607","post","type-post","status-publish","format-standard","has-post-thumbnail","hentry","category-nouvelles"],"acf":[],"meta_box":[],"_links":{"self":[{"href":"https:\/\/cje-ndg.com\/en\/wp-json\/wp\/v2\/posts\/4607","targetHints":{"allow":["GET"]}}],"collection":[{"href":"https:\/\/cje-ndg.com\/en\/wp-json\/wp\/v2\/posts"}],"about":[{"href":"https:\/\/cje-ndg.com\/en\/wp-json\/wp\/v2\/types\/post"}],"author":[{"embeddable":true,"href":"https:\/\/cje-ndg.com\/en\/wp-json\/wp\/v2\/users\/43"}],"replies":[{"embeddable":true,"href":"https:\/\/cje-ndg.com\/en\/wp-json\/wp\/v2\/comments?post=4607"}],"version-history":[{"count":0,"href":"https:\/\/cje-ndg.com\/en\/wp-json\/wp\/v2\/posts\/4607\/revisions"}],"wp:featuredmedia":[{"embeddable":true,"href":"https:\/\/cje-ndg.com\/en\/wp-json\/wp\/v2\/media\/4608"}],"wp:attachment":[{"href":"https:\/\/cje-ndg.com\/en\/wp-json\/wp\/v2\/media?parent=4607"}],"wp:term":[{"taxonomy":"category","embeddable":true,"href":"https:\/\/cje-ndg.com\/en\/wp-json\/wp\/v2\/categories?post=4607"},{"taxonomy":"post_tag","embeddable":true,"href":"https:\/\/cje-ndg.com\/en\/wp-json\/wp\/v2\/tags?post=4607"}],"curies":[{"name":"wp","href":"https:\/\/api.w.org\/{rel}","templated":true}]}}