{"id":5081,"date":"2022-10-17T10:00:23","date_gmt":"2022-10-17T14:00:23","guid":{"rendered":"https:\/\/cje-ndg.com\/?p=5081"},"modified":"2022-10-14T13:41:04","modified_gmt":"2022-10-14T17:41:04","slug":"nuit-des-mille-et-une-cultures-grande-soiree-interculturelle","status":"publish","type":"post","link":"https:\/\/cje-ndg.com\/en\/nuit-des-mille-et-une-cultures-grande-soiree-interculturelle\/","title":{"rendered":"Nuit des mille et une cultures &#8211; Grande soir\u00e9e interculturelle"},"content":{"rendered":"<table border=\"0\" width=\"100%\" cellspacing=\"0\" cellpadding=\"0\">\n<tbody>\n<tr>\n<td valign=\"top\">\n<table class=\"m_7223114673066747506mcnTextContentContainer\" border=\"0\" width=\"100%\" cellspacing=\"0\" cellpadding=\"0\" align=\"left\">\n<tbody>\n<tr>\n<td class=\"m_7223114673066747506mcnTextContent\" valign=\"top\">\n<div><strong>8 novembre \u00e0 17h<\/strong><br \/>\n\u00e0 la Maison de la culture d&#8217;Ahuntsic<\/div>\n<\/td>\n<\/tr>\n<\/tbody>\n<\/table>\n<\/td>\n<\/tr>\n<\/tbody>\n<\/table>\n<table border=\"0\" width=\"100%\" cellspacing=\"0\" cellpadding=\"0\">\n<tbody>\n<tr>\n<td valign=\"top\">\n<table class=\"m_7223114673066747506mcnTextContentContainer\" border=\"0\" width=\"100%\" cellspacing=\"0\" cellpadding=\"0\" align=\"left\">\n<tbody>\n<tr>\n<td class=\"m_7223114673066747506mcnTextContent\" valign=\"top\">\n<div>\n<p>La Nuit des mille et une cultures est le fruit d\u2019une collaboration entre nos deux organismes communautaires \u0153uvrant dans le quartier d\u2019Ahuntsic \u00e0 Montr\u00e9al. Cette soir\u00e9e de festivit\u00e9s est plac\u00e9e sous le signe de l\u2019expression artistique, de l\u2019inclusion et de la rencontre de l\u2019autre.<\/p>\n<p>C&#8217;est aussi l&#8217;occasion de participer ensemble \u00e0 la Semaine Qu\u00e9b\u00e9coise des Rencontres Interculturelles et de c\u00e9l\u00e9brer ainsi la diversit\u00e9 culturelle \u00e0 Montr\u00e9al.<\/p>\n<\/div>\n<\/td>\n<\/tr>\n<\/tbody>\n<\/table>\n<\/td>\n<\/tr>\n<\/tbody>\n<\/table>\n<table border=\"0\" width=\"100%\" cellspacing=\"0\" cellpadding=\"0\">\n<tbody>\n<tr>\n<td valign=\"top\">\n<table class=\"m_7223114673066747506mcnTextContentContainer\" border=\"0\" width=\"100%\" cellspacing=\"0\" cellpadding=\"0\" align=\"left\">\n<tbody>\n<tr>\n<td class=\"m_7223114673066747506mcnTextContent\" valign=\"top\">\n<div><strong>Premi\u00e8re partie : La nuit des parcours\u00a0<\/strong><br \/>\nPr\u00e9sent\u00e9e par Pause Famille.La nuit des parcours c\u2019est une exposition d\u2019art communautaire, port\u00e9e par plus d\u2019une trentaine de participants de diff\u00e9rentes origines, qui explore la pluralit\u00e9 des possibles chemins, qu\u2019ils soient ceux d\u2019une vie, d\u2019une identit\u00e9 ou d\u2019une migration. Venez d\u00e9couvrir des \u0153uvres d\u2019un riche bagage culturel qui retracent les tranches d\u2019histoires de ceux et celles qui fa\u00e7onnent une part de notre quartier.<\/p>\n<p><strong>Deuxi\u00e8me partie : La nuit du conte d&#8217;apr\u00e8s RaContez-vous<\/strong><br \/>\nPr\u00e9sent\u00e9e par CANA.<\/p>\n<p>La Nuit du conte est l&#8217;aboutissement d&#8217;un programme de m\u00e9diation culturelle autour du conte propos\u00e9 pour la premi\u00e8re fois au CANA : RaContez-vous ! Ainsi, de juillet \u00e0 octobre 2022, 9 personnes issues de l&#8217;immigration ont particip\u00e9 \u00e0 8 ateliers de cr\u00e9ation collective, chapeaut\u00e9s par 2 artistes conteurs talentueux : Myriame El Yamani et Saulo Giri.<\/p>\n<\/div>\n<div>Tout au long de ces rencontres, les participants et participantes ont pu se raconter, partager leur parcours migratoire et de vie, puis s&#8217;enrichir de celui des autres. Le conte que vous aurez la chance de d\u00e9couvrir est le fruit de leurs histoires de vie et de leur imaginaire, mis en commun. Rendez-vous le mardi 8 novembre, pour la <em>Nuit du conte<\/em> et <em>l\u2019Exposition RaContez-vous!<\/em>, qui retrace tout ce processus de cr\u00e9ation collective.<\/div>\n<p>&nbsp;<\/p>\n<p>S&#8217;inscrire https:\/\/docs.google.com\/forms\/d\/e\/1FAIpQLSf8Ckpy4Rxy8K0Zs1VrsDfEY-ecndSnRihaM8Ai-De5hSV67A\/viewform<\/td>\n<\/tr>\n<\/tbody>\n<\/table>\n<\/td>\n<\/tr>\n<\/tbody>\n<\/table>","protected":false},"excerpt":{"rendered":"<p>8 novembre \u00e0 17h \u00e0 la Maison de la culture d&#8217;Ahuntsic La Nuit des mille et une cultures est le fruit d\u2019une collaboration entre nos deux organismes communautaires \u0153uvrant dans [&hellip;]<\/p>\n","protected":false},"author":43,"featured_media":5082,"comment_status":"open","ping_status":"open","sticky":false,"template":"","format":"standard","meta":{"_acf_changed":false,"_uf_show_specific_survey":0,"_uf_disable_surveys":false,"_EventAllDay":false,"_EventTimezone":"","_EventStartDate":"","_EventEndDate":"","_EventStartDateUTC":"","_EventEndDateUTC":"","_EventShowMap":false,"_EventShowMapLink":false,"_EventURL":"","_EventCost":"","_EventCostDescription":"","_EventCurrencySymbol":"","_EventCurrencyCode":"","_EventCurrencyPosition":"","_EventDateTimeSeparator":"","_EventTimeRangeSeparator":"","_EventOrganizerID":[],"_EventVenueID":[],"_OrganizerEmail":"","_OrganizerPhone":"","_OrganizerWebsite":"","_VenueAddress":"","_VenueCity":"","_VenueCountry":"","_VenueProvince":"","_VenueState":"","_VenueZip":"","_VenuePhone":"","_VenueURL":"","_VenueStateProvince":"","_VenueLat":"","_VenueLng":"","_VenueShowMap":false,"_VenueShowMapLink":false,"footnotes":""},"categories":[5],"tags":[],"class_list":["post-5081","post","type-post","status-publish","format-standard","has-post-thumbnail","hentry","category-nouvelles"],"acf":[],"meta_box":[],"_links":{"self":[{"href":"https:\/\/cje-ndg.com\/en\/wp-json\/wp\/v2\/posts\/5081","targetHints":{"allow":["GET"]}}],"collection":[{"href":"https:\/\/cje-ndg.com\/en\/wp-json\/wp\/v2\/posts"}],"about":[{"href":"https:\/\/cje-ndg.com\/en\/wp-json\/wp\/v2\/types\/post"}],"author":[{"embeddable":true,"href":"https:\/\/cje-ndg.com\/en\/wp-json\/wp\/v2\/users\/43"}],"replies":[{"embeddable":true,"href":"https:\/\/cje-ndg.com\/en\/wp-json\/wp\/v2\/comments?post=5081"}],"version-history":[{"count":0,"href":"https:\/\/cje-ndg.com\/en\/wp-json\/wp\/v2\/posts\/5081\/revisions"}],"wp:featuredmedia":[{"embeddable":true,"href":"https:\/\/cje-ndg.com\/en\/wp-json\/wp\/v2\/media\/5082"}],"wp:attachment":[{"href":"https:\/\/cje-ndg.com\/en\/wp-json\/wp\/v2\/media?parent=5081"}],"wp:term":[{"taxonomy":"category","embeddable":true,"href":"https:\/\/cje-ndg.com\/en\/wp-json\/wp\/v2\/categories?post=5081"},{"taxonomy":"post_tag","embeddable":true,"href":"https:\/\/cje-ndg.com\/en\/wp-json\/wp\/v2\/tags?post=5081"}],"curies":[{"name":"wp","href":"https:\/\/api.w.org\/{rel}","templated":true}]}}