{"id":5589,"date":"2023-03-24T10:00:08","date_gmt":"2023-03-24T14:00:08","guid":{"rendered":"https:\/\/cje-ndg.com\/?p=5589"},"modified":"2023-03-23T14:15:15","modified_gmt":"2023-03-23T18:15:15","slug":"ouverture-du-local-temporaire-daire-ouverte","status":"publish","type":"post","link":"https:\/\/cje-ndg.com\/en\/ouverture-du-local-temporaire-daire-ouverte\/","title":{"rendered":"Ouverture du local temporaire d\u2019Aire ouverte"},"content":{"rendered":"<p><span id=\"page3R_mcid13\" class=\"markedContent\"><span dir=\"ltr\" role=\"presentation\">Nous sommes heureux de vous annoncer que nous<\/span><\/span><span id=\"page3R_mcid14\" class=\"markedContent\"> <span dir=\"ltr\" role=\"presentation\">mettons la touche finale \u00e0 l\u2019am\u00e9nagement de notre local temporaire situ\u00e9 dans le quartier de<\/span><\/span><span id=\"page3R_mcid15\" class=\"markedContent\"> <span dir=\"ltr\" role=\"presentation\">C\u00f4te-des-Neiges. <\/span><\/span><span id=\"page3R_mcid18\" class=\"markedContent\"><\/span><\/p>\n<p><span id=\"page3R_mcid18\" class=\"markedContent\"><span dir=\"ltr\" role=\"presentation\">Selon le principe du \u00ab No Wrong Door \u00bb, tous les jeunes frappent \u00e0 la bonne porte lorsqu\u2019ils<\/span><\/span><span id=\"page3R_mcid19\" class=\"markedContent\"> <span dir=\"ltr\" role=\"presentation\">viennent \u00e0 Aire Ouverte. Nous offrons un soutien qui vise \u00e0 aider les jeunes \u00e0 naviguer vers des<\/span><\/span><span id=\"page3R_mcid20\" class=\"markedContent\"> <span dir=\"ltr\" role=\"presentation\">organismes communautaires ou vers des services du r\u00e9seau des soins de sant\u00e9 et du r\u00e9seau<\/span><\/span><span id=\"page3R_mcid21\" class=\"markedContent\"> <span dir=\"ltr\" role=\"presentation\">scolaire. Nos services, qui sont adapt\u00e9s aux jeunes de 12 \u00e0 25 ans, sont flexibles et sont offerts<\/span><\/span><span id=\"page3R_mcid22\" class=\"markedContent\"> <span dir=\"ltr\" role=\"presentation\">avec ou sans rendez-vous. Ils visent le bien-\u00eatre ainsi que la sant\u00e9 physique, sexuelle et<\/span><\/span><span id=\"page3R_mcid23\" class=\"markedContent\"> <span dir=\"ltr\" role=\"presentation\">mentale, y compris les diff\u00e9rentes formes de d\u00e9pendance.<\/span><\/span><span id=\"page3R_mcid24\" class=\"markedContent\"><\/span><span id=\"page3R_mcid25\" class=\"markedContent\"><\/span><span id=\"page3R_mcid26\" class=\"markedContent\"><\/span><\/p>\n<p><span id=\"page3R_mcid26\" class=\"markedContent\"><span dir=\"ltr\" role=\"presentation\">Les jeunes peuvent venir nous rencontrer pour une vaste gamme de besoins, par exemple :<\/span><\/span><span id=\"page3R_mcid27\" class=\"markedContent\"><\/span><span id=\"page3R_mcid28\" class=\"markedContent\"><\/span><\/p>\n<ul>\n<li><span id=\"page3R_mcid28\" class=\"markedContent\"><span id=\"page3R_mcid2\" class=\"markedContent\"><span dir=\"ltr\" role=\"presentation\">souffrance ou d\u00e9tresse psychologique;<\/span><\/span><\/span><\/li>\n<li><span id=\"page3R_mcid28\" class=\"markedContent\"><span id=\"page3R_mcid3\" class=\"markedContent\"><span dir=\"ltr\" role=\"presentation\">probl\u00e8mes de sant\u00e9 mentale;<\/span><\/span><\/span><\/li>\n<li><span id=\"page3R_mcid28\" class=\"markedContent\"><span id=\"page3R_mcid4\" class=\"markedContent\"><span dir=\"ltr\" role=\"presentation\">probl\u00e8mes de d\u00e9pendance ou de jeu;<\/span><\/span><\/span><\/li>\n<li><span id=\"page3R_mcid28\" class=\"markedContent\"><span id=\"page3R_mcid5\" class=\"markedContent\"><span dir=\"ltr\" role=\"presentation\">probl\u00e8mes de sant\u00e9 sexuelle;<\/span><\/span><\/span><\/li>\n<li><span id=\"page3R_mcid28\" class=\"markedContent\"><span id=\"page3R_mcid6\" class=\"markedContent\"><span dir=\"ltr\" role=\"presentation\">questions sur l&#8217;orientation sexuelle ou l&#8217;identit\u00e9 de genre;<\/span><\/span><\/span><\/li>\n<li><span id=\"page3R_mcid28\" class=\"markedContent\"><span id=\"page3R_mcid7\" class=\"markedContent\"><\/span><\/span><span id=\"page3R_mcid28\" class=\"markedContent\"><span id=\"page3R_mcid7\" class=\"markedContent\"><span dir=\"ltr\" role=\"presentation\">difficult\u00e9s d\u2019adaptation sociale (logement, emploi, scolarisation, isolement, etc.);<\/span><\/span><span id=\"page3R_mcid8\" class=\"markedContent\"><\/span><span id=\"page3R_mcid9\" class=\"markedContent\"><br role=\"presentation\" \/><\/span><\/span><\/li>\n<li><span id=\"page3R_mcid28\" class=\"markedContent\"><span id=\"page3R_mcid9\" class=\"markedContent\"><span dir=\"ltr\" role=\"presentation\">vuln\u00e9rabilit\u00e9, perte de services, difficult\u00e9 d&#8217;acc\u00e8s aux services ou aux ressources.<\/span><\/span><br role=\"presentation\" \/><\/span><span id=\"page3R_mcid28\" class=\"markedContent\"><\/span><span id=\"page3R_mcid28\" class=\"markedContent\"><\/span><span id=\"page3R_mcid28\" class=\"markedContent\"><\/span><span id=\"page3R_mcid28\" class=\"markedContent\"><\/span><span id=\"page3R_mcid28\" class=\"markedContent\"><\/span><span id=\"page3R_mcid28\" class=\"markedContent\"><\/span><span id=\"page3R_mcid28\" class=\"markedContent\"><span dir=\"ltr\" role=\"presentation\">Pour toutes demandes ou r\u00e9f\u00e9rences, t\u00e9l\u00e9phonez-nous au<\/span><\/span><strong><span id=\"page3R_mcid29\" class=\"markedContent\"> <span dir=\"ltr\" role=\"presentation\">514-734-9950<\/span><\/span><\/strong><span id=\"page3R_mcid30\" class=\"markedContent\"> <span dir=\"ltr\" role=\"presentation\">ou \u00e9crivez-nous \u00e0<\/span><\/span><span id=\"page3R_mcid31\" class=\"markedContent\"><br role=\"presentation\" \/><a href=\"mailto:aire.ouverte.ccomtl@ssss.gouv.qc.ca\"><strong><span dir=\"ltr\" aria-owns=\"pdfjs_internal_id_8R\">aire.ouverte.ccomtl@ssss.gouv.qc.ca<\/span><\/strong><\/a><\/span><strong><span id=\"page3R_mcid32\" class=\"markedContent\"><span dir=\"ltr\" role=\"presentation\">.<\/span><\/span><\/strong><\/li>\n<\/ul>\n<p><span id=\"page4R_mcid2\" class=\"markedContent\"><span dir=\"ltr\" role=\"presentation\">Notre service Aire ouverte est temporairement situ\u00e9 dans l&#8217;une des roulottes situ\u00e9es dans le<\/span><\/span><span id=\"page4R_mcid3\" class=\"markedContent\"><br role=\"presentation\" \/><span dir=\"ltr\" role=\"presentation\">stationnement du pavillon H de l&#8217;H\u00f4pital g\u00e9n\u00e9ral juif :<\/span><\/span><span id=\"page4R_mcid4\" class=\"markedContent\"><\/span><span id=\"page4R_mcid5\" class=\"markedContent\"><\/span><span id=\"page4R_mcid6\" class=\"markedContent\"><br role=\"presentation\" \/><span dir=\"ltr\" role=\"presentation\">5800, chemin de la C\u00f4te-des-Neiges,<\/span><\/span><span id=\"page4R_mcid7\" class=\"markedContent\"><\/span><span id=\"page4R_mcid8\" class=\"markedContent\"><\/span><span id=\"page4R_mcid9\" class=\"markedContent\"><br role=\"presentation\" \/><span dir=\"ltr\" role=\"presentation\">Un demi-p\u00e2t\u00e9 de maisons au nord du chemin de la C\u00f4te-Sainte-Catherine<\/span><\/span><span id=\"page4R_mcid10\" class=\"markedContent\"><\/span><span id=\"page4R_mcid11\" class=\"markedContent\"><br role=\"presentation\" \/><span dir=\"ltr\" role=\"presentation\">Montr\u00e9al (Qu\u00e9bec) H3S 1Y9<\/span><\/span><span id=\"page4R_mcid12\" class=\"markedContent\"><\/span><\/p>\n<p><span id=\"page4R_mcid12\" class=\"markedContent\"><span dir=\"ltr\" role=\"presentation\">Pour plus d&#8217;information sur notre offre de service et nos heures d&#8217;ouverture, consultez le site Internet du<\/span><\/span><span id=\"page4R_mcid13\" class=\"markedContent\"><br role=\"presentation\" \/><span dir=\"ltr\" role=\"presentation\">CIUSSS \u00e0<\/span><\/span><a href=\"https:\/\/www.ciussscentreouest.ca\/programmes-et-services\/aire-ouverte\/.\"><span id=\"page4R_mcid14\" class=\"markedContent\"> <span dir=\"ltr\" role=\"presentation\">https:\/\/www.ciussscentreouest.ca\/programmes-et-services\/aire-ouverte\/<\/span><\/span><span id=\"page4R_mcid15\" class=\"markedContent\"><span dir=\"ltr\" role=\"presentation\">.<\/span><\/span><\/a><\/p>","protected":false},"excerpt":{"rendered":"<p>Nous sommes heureux de vous annoncer que nous mettons la touche finale \u00e0 l\u2019am\u00e9nagement de notre local temporaire situ\u00e9 dans le quartier de C\u00f4te-des-Neiges. Selon le principe du \u00ab No [&hellip;]<\/p>\n","protected":false},"author":43,"featured_media":5591,"comment_status":"open","ping_status":"open","sticky":false,"template":"","format":"standard","meta":{"_acf_changed":false,"_uf_show_specific_survey":0,"_uf_disable_surveys":false,"_EventAllDay":false,"_EventTimezone":"","_EventStartDate":"","_EventEndDate":"","_EventStartDateUTC":"","_EventEndDateUTC":"","_EventShowMap":false,"_EventShowMapLink":false,"_EventURL":"","_EventCost":"","_EventCostDescription":"","_EventCurrencySymbol":"","_EventCurrencyCode":"","_EventCurrencyPosition":"","_EventDateTimeSeparator":"","_EventTimeRangeSeparator":"","_EventOrganizerID":[],"_EventVenueID":[],"_OrganizerEmail":"","_OrganizerPhone":"","_OrganizerWebsite":"","_VenueAddress":"","_VenueCity":"","_VenueCountry":"","_VenueProvince":"","_VenueState":"","_VenueZip":"","_VenuePhone":"","_VenueURL":"","_VenueStateProvince":"","_VenueLat":"","_VenueLng":"","_VenueShowMap":false,"_VenueShowMapLink":false,"footnotes":""},"categories":[5],"tags":[],"class_list":["post-5589","post","type-post","status-publish","format-standard","has-post-thumbnail","hentry","category-nouvelles"],"acf":[],"meta_box":[],"_links":{"self":[{"href":"https:\/\/cje-ndg.com\/en\/wp-json\/wp\/v2\/posts\/5589","targetHints":{"allow":["GET"]}}],"collection":[{"href":"https:\/\/cje-ndg.com\/en\/wp-json\/wp\/v2\/posts"}],"about":[{"href":"https:\/\/cje-ndg.com\/en\/wp-json\/wp\/v2\/types\/post"}],"author":[{"embeddable":true,"href":"https:\/\/cje-ndg.com\/en\/wp-json\/wp\/v2\/users\/43"}],"replies":[{"embeddable":true,"href":"https:\/\/cje-ndg.com\/en\/wp-json\/wp\/v2\/comments?post=5589"}],"version-history":[{"count":0,"href":"https:\/\/cje-ndg.com\/en\/wp-json\/wp\/v2\/posts\/5589\/revisions"}],"wp:featuredmedia":[{"embeddable":true,"href":"https:\/\/cje-ndg.com\/en\/wp-json\/wp\/v2\/media\/5591"}],"wp:attachment":[{"href":"https:\/\/cje-ndg.com\/en\/wp-json\/wp\/v2\/media?parent=5589"}],"wp:term":[{"taxonomy":"category","embeddable":true,"href":"https:\/\/cje-ndg.com\/en\/wp-json\/wp\/v2\/categories?post=5589"},{"taxonomy":"post_tag","embeddable":true,"href":"https:\/\/cje-ndg.com\/en\/wp-json\/wp\/v2\/tags?post=5589"}],"curies":[{"name":"wp","href":"https:\/\/api.w.org\/{rel}","templated":true}]}}