{"id":5792,"date":"2023-05-16T10:00:09","date_gmt":"2023-05-16T14:00:09","guid":{"rendered":"https:\/\/cje-ndg.com\/?p=5792"},"modified":"2023-05-10T13:42:58","modified_gmt":"2023-05-10T17:42:58","slug":"salon-de-limmigration-et-de-lintegration-au-quebec","status":"publish","type":"post","link":"https:\/\/cje-ndg.com\/en\/salon-de-limmigration-et-de-lintegration-au-quebec\/","title":{"rendered":"Salon de l&#8217;immigration et de l&#8217;int\u00e9gration au Qu\u00e9bec"},"content":{"rendered":"<p><b>Le Salon de l\u2019immigration et de l\u2019int\u00e9gration au Qu\u00e9bec, <\/b><\/p>\n<p><b>un salon \u00e0 ne pas manquer!<\/b><\/p>\n<p>Le Salon de l&#8217;immigration et de l&#8217;int\u00e9gration au Qu\u00e9bec est un rendez-vous annuel d\u00e9di\u00e9 aux nouveaux arrivants \u00e0 Montr\u00e9al qui regroupe un \u00e9ventail de services utiles pour bien s\u2019int\u00e9grer au Qu\u00e9bec, que ce soit dans leur sph\u00e8re professionnelle ou priv\u00e9e.<\/p>\n<p>Le Salon, le plus important du genre au Canada, proposera aux visiteurs des conf\u00e9rences, des ateliers et des activit\u00e9s gratuites d\u2019aide \u00e0 la recherche d\u2019emploi (recrutement express, espace CV, espace photo, etc.)<\/p>\n<p>Pour plus d\u2019information concernant le salon, <a href=\"https:\/\/app.cyberimpact.com\/click-tracking?ct=XLiwd82UoSFW4NzJxaTeaYZnCPIkZnLTfowM1sX2U5YvoSAVd1OIr4LGBW2ZlUaNrTn9ZCbCiSBQRCniKG1vf-59cCjuMb0265Wvzdh-328~\" target=\"_blank\" rel=\"noopener\" data-saferedirecturl=\"https:\/\/www.google.com\/url?q=https:\/\/app.cyberimpact.com\/click-tracking?ct%3DXLiwd82UoSFW4NzJxaTeaYZnCPIkZnLTfowM1sX2U5YvoSAVd1OIr4LGBW2ZlUaNrTn9ZCbCiSBQRCniKG1vf-59cCjuMb0265Wvzdh-328~&amp;source=gmail&amp;ust=1683819563151000&amp;usg=AOvVaw0W4XBLDznjk9ogg9VQuO-S\">consultez le site web<\/a>.<\/p>","protected":false},"excerpt":{"rendered":"<p>Le Salon de l\u2019immigration et de l\u2019int\u00e9gration au Qu\u00e9bec, un salon \u00e0 ne pas manquer! Le Salon de l&#8217;immigration et de l&#8217;int\u00e9gration au Qu\u00e9bec est un rendez-vous annuel d\u00e9di\u00e9 aux [&hellip;]<\/p>\n","protected":false},"author":43,"featured_media":5793,"comment_status":"open","ping_status":"open","sticky":false,"template":"","format":"standard","meta":{"_acf_changed":false,"_uf_show_specific_survey":0,"_uf_disable_surveys":false,"_EventAllDay":false,"_EventTimezone":"","_EventStartDate":"","_EventEndDate":"","_EventStartDateUTC":"","_EventEndDateUTC":"","_EventShowMap":false,"_EventShowMapLink":false,"_EventURL":"","_EventCost":"","_EventCostDescription":"","_EventCurrencySymbol":"","_EventCurrencyCode":"","_EventCurrencyPosition":"","_EventDateTimeSeparator":"","_EventTimeRangeSeparator":"","_EventOrganizerID":[],"_EventVenueID":[],"_OrganizerEmail":"","_OrganizerPhone":"","_OrganizerWebsite":"","_VenueAddress":"","_VenueCity":"","_VenueCountry":"","_VenueProvince":"","_VenueState":"","_VenueZip":"","_VenuePhone":"","_VenueURL":"","_VenueStateProvince":"","_VenueLat":"","_VenueLng":"","_VenueShowMap":false,"_VenueShowMapLink":false,"footnotes":""},"categories":[5],"tags":[],"class_list":["post-5792","post","type-post","status-publish","format-standard","has-post-thumbnail","hentry","category-nouvelles"],"acf":[],"meta_box":[],"_links":{"self":[{"href":"https:\/\/cje-ndg.com\/en\/wp-json\/wp\/v2\/posts\/5792","targetHints":{"allow":["GET"]}}],"collection":[{"href":"https:\/\/cje-ndg.com\/en\/wp-json\/wp\/v2\/posts"}],"about":[{"href":"https:\/\/cje-ndg.com\/en\/wp-json\/wp\/v2\/types\/post"}],"author":[{"embeddable":true,"href":"https:\/\/cje-ndg.com\/en\/wp-json\/wp\/v2\/users\/43"}],"replies":[{"embeddable":true,"href":"https:\/\/cje-ndg.com\/en\/wp-json\/wp\/v2\/comments?post=5792"}],"version-history":[{"count":0,"href":"https:\/\/cje-ndg.com\/en\/wp-json\/wp\/v2\/posts\/5792\/revisions"}],"wp:featuredmedia":[{"embeddable":true,"href":"https:\/\/cje-ndg.com\/en\/wp-json\/wp\/v2\/media\/5793"}],"wp:attachment":[{"href":"https:\/\/cje-ndg.com\/en\/wp-json\/wp\/v2\/media?parent=5792"}],"wp:term":[{"taxonomy":"category","embeddable":true,"href":"https:\/\/cje-ndg.com\/en\/wp-json\/wp\/v2\/categories?post=5792"},{"taxonomy":"post_tag","embeddable":true,"href":"https:\/\/cje-ndg.com\/en\/wp-json\/wp\/v2\/tags?post=5792"}],"curies":[{"name":"wp","href":"https:\/\/api.w.org\/{rel}","templated":true}]}}