{"id":4099,"date":"2022-03-15T10:00:37","date_gmt":"2022-03-15T14:00:37","guid":{"rendered":"https:\/\/cje-ndg.com\/?p=4099"},"modified":"2022-03-14T15:15:56","modified_gmt":"2022-03-14T19:15:56","slug":"salon-de-lemploi-virtuel-de-laval-2","status":"publish","type":"post","link":"https:\/\/cje-ndg.com\/fr\/salon-de-lemploi-virtuel-de-laval-2\/","title":{"rendered":"Sondage sur le futur de NDG"},"content":{"rendered":"<div class=\"elementor-element elementor-element-185d50b elementor-widget elementor-widget-heading\" data-id=\"185d50b\" data-element_type=\"widget\" data-widget_type=\"heading.default\">\n<div class=\"elementor-widget-container\">\n<div class=\"kvgmc6g5 cxmmr5t8 oygrvhab hcukyx3x c1et5uql ii04i59q\">\n<div dir=\"auto\" style=\"text-align: center;\"><img loading=\"lazy\" decoding=\"async\" class=\"alignnone  wp-image-4108\" src=\"https:\/\/cje-ndg.com\/wp-content\/uploads\/2022\/03\/unnamed-1-300x251.jpg\" alt=\"\" width=\"341\" height=\"285\" srcset=\"https:\/\/cje-ndg.com\/wp-content\/uploads\/2022\/03\/unnamed-1-300x251.jpg 300w, https:\/\/cje-ndg.com\/wp-content\/uploads\/2022\/03\/unnamed-1-768x644.jpg 768w, https:\/\/cje-ndg.com\/wp-content\/uploads\/2022\/03\/unnamed-1-14x12.jpg 14w, https:\/\/cje-ndg.com\/wp-content\/uploads\/2022\/03\/unnamed-1-480x402.jpg 480w, https:\/\/cje-ndg.com\/wp-content\/uploads\/2022\/03\/unnamed-1-640x537.jpg 640w, https:\/\/cje-ndg.com\/wp-content\/uploads\/2022\/03\/unnamed-1-720x604.jpg 720w, https:\/\/cje-ndg.com\/wp-content\/uploads\/2022\/03\/unnamed-1.jpg 940w\" sizes=\"auto, (max-width: 341px) 100vw, 341px\" \/><\/div>\n<div dir=\"auto\">VOTRE VOIX : Le futur du quartier Notre-Dame-de-Gr\u00e2ce<\/div>\n<\/div>\n<div class=\"cxmmr5t8 oygrvhab hcukyx3x c1et5uql o9v6fnle ii04i59q\">\n<div dir=\"auto\">Vous habitez Notre-Dame-de-Gr\u00e2ce? Le <a class=\"oajrlxb2 g5ia77u1 qu0x051f esr5mh6w e9989ue4 r7d6kgcz rq0escxv nhd2j8a9 nc684nl6 p7hjln8o kvgmc6g5 cxmmr5t8 oygrvhab hcukyx3x jb3vyjys rz4wbd8a qt6c0cv9 a8nywdso i1ao9s8h esuyzwwr f1sip0of lzcic4wl gpro0wi8 q66pz984 b1v8xokw\" tabindex=\"0\" role=\"link\" href=\"https:\/\/www.facebook.com\/conseilcommunautaireNDG\/?__cft__[0]=AZUtr4vHjwTQBo331D1XO1JOrFBnJfLVIxrYWsVnTkkZZvrm2d4DefhwsLqMmW7uUsGLJ6Mk6gRqzg04bL9nFPjj9tuHWL1nt1PkpyUtELxMp92uG7BUmnVwjAbDhwjc2Xb-FJu4sUtHrRSDp1mUJOQP&amp;__tn__=kK-R\"><span class=\"nc684nl6\">Conseil Communautaire NDG Community Council<\/span><\/a> souhaite vous entendre sur le futur du quartier \u00e0 travers ce bref sondage. Merci de faire entendre votre voix!<\/div>\n<\/div>\n<div class=\"cxmmr5t8 oygrvhab hcukyx3x c1et5uql o9v6fnle ii04i59q\">\n<div dir=\"auto\">Participation avant le 30 mars en cliquant sur le lien suivant: <a class=\"oajrlxb2 g5ia77u1 qu0x051f esr5mh6w e9989ue4 r7d6kgcz rq0escxv nhd2j8a9 nc684nl6 p7hjln8o kvgmc6g5 cxmmr5t8 oygrvhab hcukyx3x jb3vyjys rz4wbd8a qt6c0cv9 a8nywdso i1ao9s8h esuyzwwr f1sip0of lzcic4wl gpro0wi8 py34i1dx\" tabindex=\"0\" role=\"link\" href=\"https:\/\/l.facebook.com\/l.php?u=https%3A%2F%2Fbit.ly%2F3J0cZMr%3Ffbclid%3DIwAR3AYAqrwbH5PzTCw-XnCiFWHkeezaFJFUyMUqRJ3oVZLC-VRWfWkqnwByE&amp;h=AT2ricFkxPHCCLIbcHu4MLjkWXrdulFiICvX5Nmgkk4cOn8exxK1CRcWWec1daluLw9jNqkVTq5fHvZlILTJVJ3R6DfI-1BU7dqDkGjV6_Yp79_WFkiDGYsUYU0Cg4sTSo9Q&amp;__tn__=-UK-R&amp;c[0]=AT31K2tg5R8wiQZ7hmRyVuKdyHoZ1bSfjwSQpSI4rlxtdRz7H2ERNUjd6mtlEZfn4CPks-F9jCviyYj7FYPd6S3Wod1TaUfUHGCNGEzSz7YP7BQrmxp_JIuRUuzFpuPvO7qgygp8LA0A-S0-nY1Jp8rBFCU0ANXmrO5iacLS70Xmmk0\" target=\"_blank\" rel=\"nofollow noopener\">https:\/\/bit.ly\/3J0cZMr<\/a><\/div>\n<\/div>\n<\/div>\n<\/div>\n<div data-id=\"185d50b\" data-element_type=\"widget\" data-widget_type=\"heading.default\"><\/div>\n<div data-id=\"185d50b\" data-element_type=\"widget\" data-widget_type=\"heading.default\"><\/div>\n","protected":false},"excerpt":{"rendered":"<p>VOTRE VOIX : Le futur du quartier Notre-Dame-de-Gr\u00e2ce Vous habitez Notre-Dame-de-Gr\u00e2ce? Le Conseil Communautaire NDG Community Council souhaite vous entendre sur le futur du quartier \u00e0 travers ce bref sondage. [&hellip;]<\/p>\n","protected":false},"author":43,"featured_media":4110,"comment_status":"open","ping_status":"open","sticky":false,"template":"","format":"standard","meta":{"_acf_changed":false,"_uf_show_specific_survey":0,"_uf_disable_surveys":false,"_EventAllDay":false,"_EventTimezone":"","_EventStartDate":"","_EventEndDate":"","_EventStartDateUTC":"","_EventEndDateUTC":"","_EventShowMap":false,"_EventShowMapLink":false,"_EventURL":"","_EventCost":"","_EventCostDescription":"","_EventCurrencySymbol":"","_EventCurrencyCode":"","_EventCurrencyPosition":"","_EventDateTimeSeparator":"","_EventTimeRangeSeparator":"","_EventOrganizerID":[],"_EventVenueID":[],"_OrganizerEmail":"","_OrganizerPhone":"","_OrganizerWebsite":"","_VenueAddress":"","_VenueCity":"","_VenueCountry":"","_VenueProvince":"","_VenueState":"","_VenueZip":"","_VenuePhone":"","_VenueURL":"","_VenueStateProvince":"","_VenueLat":"","_VenueLng":"","_VenueShowMap":false,"_VenueShowMapLink":false,"footnotes":""},"categories":[5],"tags":[128,127,126],"class_list":["post-4099","post","type-post","status-publish","format-standard","has-post-thumbnail","hentry","category-nouvelles","tag-le-conseil-communautaire-ndg-community-council","tag-notre-dame-de-grace","tag-salon-de-lemploi-virtuel-de-laval"],"acf":[],"meta_box":[],"_links":{"self":[{"href":"https:\/\/cje-ndg.com\/fr\/wp-json\/wp\/v2\/posts\/4099","targetHints":{"allow":["GET"]}}],"collection":[{"href":"https:\/\/cje-ndg.com\/fr\/wp-json\/wp\/v2\/posts"}],"about":[{"href":"https:\/\/cje-ndg.com\/fr\/wp-json\/wp\/v2\/types\/post"}],"author":[{"embeddable":true,"href":"https:\/\/cje-ndg.com\/fr\/wp-json\/wp\/v2\/users\/43"}],"replies":[{"embeddable":true,"href":"https:\/\/cje-ndg.com\/fr\/wp-json\/wp\/v2\/comments?post=4099"}],"version-history":[{"count":0,"href":"https:\/\/cje-ndg.com\/fr\/wp-json\/wp\/v2\/posts\/4099\/revisions"}],"wp:featuredmedia":[{"embeddable":true,"href":"https:\/\/cje-ndg.com\/fr\/wp-json\/wp\/v2\/media\/4110"}],"wp:attachment":[{"href":"https:\/\/cje-ndg.com\/fr\/wp-json\/wp\/v2\/media?parent=4099"}],"wp:term":[{"taxonomy":"category","embeddable":true,"href":"https:\/\/cje-ndg.com\/fr\/wp-json\/wp\/v2\/categories?post=4099"},{"taxonomy":"post_tag","embeddable":true,"href":"https:\/\/cje-ndg.com\/fr\/wp-json\/wp\/v2\/tags?post=4099"}],"curies":[{"name":"wp","href":"https:\/\/api.w.org\/{rel}","templated":true}]}}