{"id":4167,"date":"2022-03-28T09:32:47","date_gmt":"2022-03-28T13:32:47","guid":{"rendered":"https:\/\/cje-ndg.com\/?p=4167"},"modified":"2022-03-28T09:37:17","modified_gmt":"2022-03-28T13:37:17","slug":"salon-de-lemploi-de-la-formation-continue","status":"publish","type":"post","link":"https:\/\/cje-ndg.com\/fr\/salon-de-lemploi-de-la-formation-continue\/","title":{"rendered":"Salon de l&#8217;emploi &#038; de la formation continue"},"content":{"rendered":"<p><strong>Favoriser la rencontre entre employeurs et chercheurs d\u2019emploi,\u00a0<\/strong><strong>en les amenant \u00e0 \u00e9tablir\u00a0<\/strong><strong>un premier contact professionnel prometteur.<\/strong><\/p>\n<p>Du plus gros salon de l\u2019emploi \u00e0\u00a0Montr\u00e9al, aux journ\u00e9es locales de recrutement,<br \/>\nen passant par les salons virtuels de l\u2019emploi : retrouvez nos \u00e9v\u00e9nements au Qu\u00e9bec tout au long de l\u2019ann\u00e9e.<\/p>\n<p>Plus d&#8217;infos, veuillez visiter <a href=\"https:\/\/ecarrieres.com\/fr\/evenements\/salon-emploi-physique\/\">Salon de l&#8217;emploi et de la formation continue | Ecarri\u00e8res &#8211; L&#8217;\u00c9v\u00e9nement Carri\u00e8res (ecarrieres.com)<\/a><\/p>\n","protected":false},"excerpt":{"rendered":"<p>Favoriser la rencontre entre employeurs et chercheurs d\u2019emploi,\u00a0en les amenant \u00e0 \u00e9tablir\u00a0un premier contact professionnel prometteur. Du plus gros salon de l\u2019emploi \u00e0\u00a0Montr\u00e9al, aux journ\u00e9es locales de recrutement, en passant [&hellip;]<\/p>\n","protected":false},"author":43,"featured_media":4169,"comment_status":"open","ping_status":"open","sticky":false,"template":"","format":"standard","meta":{"_acf_changed":false,"_uf_show_specific_survey":0,"_uf_disable_surveys":false,"_EventAllDay":false,"_EventTimezone":"","_EventStartDate":"","_EventEndDate":"","_EventStartDateUTC":"","_EventEndDateUTC":"","_EventShowMap":false,"_EventShowMapLink":false,"_EventURL":"","_EventCost":"","_EventCostDescription":"","_EventCurrencySymbol":"","_EventCurrencyCode":"","_EventCurrencyPosition":"","_EventDateTimeSeparator":"","_EventTimeRangeSeparator":"","_EventOrganizerID":[],"_EventVenueID":[],"_OrganizerEmail":"","_OrganizerPhone":"","_OrganizerWebsite":"","_VenueAddress":"","_VenueCity":"","_VenueCountry":"","_VenueProvince":"","_VenueState":"","_VenueZip":"","_VenuePhone":"","_VenueURL":"","_VenueStateProvince":"","_VenueLat":"","_VenueLng":"","_VenueShowMap":false,"_VenueShowMapLink":false,"footnotes":""},"categories":[5],"tags":[140],"class_list":["post-4167","post","type-post","status-publish","format-standard","has-post-thumbnail","hentry","category-nouvelles","tag-salon-de-lemploi-de-la-formation-continue"],"acf":[],"meta_box":[],"_links":{"self":[{"href":"https:\/\/cje-ndg.com\/fr\/wp-json\/wp\/v2\/posts\/4167","targetHints":{"allow":["GET"]}}],"collection":[{"href":"https:\/\/cje-ndg.com\/fr\/wp-json\/wp\/v2\/posts"}],"about":[{"href":"https:\/\/cje-ndg.com\/fr\/wp-json\/wp\/v2\/types\/post"}],"author":[{"embeddable":true,"href":"https:\/\/cje-ndg.com\/fr\/wp-json\/wp\/v2\/users\/43"}],"replies":[{"embeddable":true,"href":"https:\/\/cje-ndg.com\/fr\/wp-json\/wp\/v2\/comments?post=4167"}],"version-history":[{"count":0,"href":"https:\/\/cje-ndg.com\/fr\/wp-json\/wp\/v2\/posts\/4167\/revisions"}],"wp:featuredmedia":[{"embeddable":true,"href":"https:\/\/cje-ndg.com\/fr\/wp-json\/wp\/v2\/media\/4169"}],"wp:attachment":[{"href":"https:\/\/cje-ndg.com\/fr\/wp-json\/wp\/v2\/media?parent=4167"}],"wp:term":[{"taxonomy":"category","embeddable":true,"href":"https:\/\/cje-ndg.com\/fr\/wp-json\/wp\/v2\/categories?post=4167"},{"taxonomy":"post_tag","embeddable":true,"href":"https:\/\/cje-ndg.com\/fr\/wp-json\/wp\/v2\/tags?post=4167"}],"curies":[{"name":"wp","href":"https:\/\/api.w.org\/{rel}","templated":true}]}}