{"id":4224,"date":"2022-04-21T15:01:52","date_gmt":"2022-04-21T19:01:52","guid":{"rendered":"https:\/\/cje-ndg.com\/?p=4224"},"modified":"2022-04-21T15:01:52","modified_gmt":"2022-04-21T19:01:52","slug":"lojiq-appel-de-candidatures-restauration-de-la-villa-max-et-dune-chapelle-a-la-ferme-dithe","status":"publish","type":"post","link":"https:\/\/cje-ndg.com\/fr\/lojiq-appel-de-candidatures-restauration-de-la-villa-max-et-dune-chapelle-a-la-ferme-dithe\/","title":{"rendered":"LOJIQ &#8211; Appel de candidatures &#8211; Restauration de la Villa Max et d\u2019une chapelle \u00e0 la Ferme d\u2019Ithe"},"content":{"rendered":"<p><b>LOJIQ \u2013 Les Offices jeunesse internationaux du Qu\u00e9bec, en partenariat avec REMPART, souhaite offrir l\u2019opportunit\u00e9 \u00e0 2 volontaires de prendre part \u00e0 la restauration d\u2019une chapelle du 18e si\u00e8cle \u00e0 la Ferme d\u2019Ithe et \u00e0 la r\u00e9habilitation du jardin de la Villa Max en \u00cele-de France. La combinaison de ces 2 projets de volontariat est d\u2019une dur\u00e9e totale de 1 mois, du 4 au 30 juillet 2022.<\/b><\/p>\n<p>Le programme\u00a0<a href=\"https:\/\/www.lojiq.org\/programmes\/quebec-volontaire\/\" data-saferedirecturl=\"https:\/\/www.google.com\/url?q=https:\/\/www.lojiq.org\/programmes\/quebec-volontaire\/&amp;source=gmail&amp;ust=1650634596161000&amp;usg=AOvVaw2Xu-tXnbRLsnrfMHy2Y1xI\">Qu\u00e9bec Volontaire<\/a>\u00a0est financ\u00e9 par le\u00a0<a href=\"https:\/\/www.jeunes.gouv.qc.ca\/\" data-saferedirecturl=\"https:\/\/www.google.com\/url?q=https:\/\/www.jeunes.gouv.qc.ca\/&amp;source=gmail&amp;ust=1650634596161000&amp;usg=AOvVaw0bqG5-XZNsTbQyck630F9j\">Secr\u00e9tariat \u00e0 la jeunesse\u00a0du Qu\u00e9bec\u00a0<\/a>et la\u00a0<a href=\"https:\/\/www.lojiq.org\/fondation-lojiq\/\" data-saferedirecturl=\"https:\/\/www.google.com\/url?q=https:\/\/www.lojiq.org\/fondation-lojiq\/&amp;source=gmail&amp;ust=1650634596161000&amp;usg=AOvVaw2tteyw3bSFhEXhyeTMvHcu\">Fondation LOJIQ\u00a0<\/a>dans le cadre de sa campagne de financement \u00ab\u00a0<a href=\"https:\/\/www.lojiq.org\/campagne-de-financement\/\" data-saferedirecturl=\"https:\/\/www.google.com\/url?q=https:\/\/www.lojiq.org\/campagne-de-financement\/&amp;source=gmail&amp;ust=1650634596161000&amp;usg=AOvVaw2NKhoMH8dt5uKFzj6sbmLb\">Ensemble, ouvrons-leur le monde<\/a>\u00a0\u00bb.<\/p>\n<p>Pour plus de d\u00e9tails sur le mandat, c\u2019est\u00a0<a href=\"https:\/\/www.lojiq.org\/projets-cles-en-main\/restauration-de-la-villa-max-et-dune-chapelle-a-la-ferme-dithe-france\/\" data-saferedirecturl=\"https:\/\/www.google.com\/url?q=https:\/\/www.lojiq.org\/projets-cles-en-main\/restauration-de-la-villa-max-et-dune-chapelle-a-la-ferme-dithe-france\/&amp;source=gmail&amp;ust=1650634596161000&amp;usg=AOvVaw0zCFrCbOV_FnpwTHl2o_Oz\">par ici<\/a>!<\/p>\n","protected":false},"excerpt":{"rendered":"<p>LOJIQ \u2013 Les Offices jeunesse internationaux du Qu\u00e9bec, en partenariat avec REMPART, souhaite offrir l\u2019opportunit\u00e9 \u00e0 2 volontaires de prendre part \u00e0 la restauration d\u2019une chapelle du 18e si\u00e8cle \u00e0 [&hellip;]<\/p>\n","protected":false},"author":43,"featured_media":4225,"comment_status":"open","ping_status":"open","sticky":false,"template":"","format":"standard","meta":{"_acf_changed":false,"_uf_show_specific_survey":0,"_uf_disable_surveys":false,"_EventAllDay":false,"_EventTimezone":"","_EventStartDate":"","_EventEndDate":"","_EventStartDateUTC":"","_EventEndDateUTC":"","_EventShowMap":false,"_EventShowMapLink":false,"_EventURL":"","_EventCost":"","_EventCostDescription":"","_EventCurrencySymbol":"","_EventCurrencyCode":"","_EventCurrencyPosition":"","_EventDateTimeSeparator":"","_EventTimeRangeSeparator":"","_EventOrganizerID":[],"_EventVenueID":[],"_OrganizerEmail":"","_OrganizerPhone":"","_OrganizerWebsite":"","_VenueAddress":"","_VenueCity":"","_VenueCountry":"","_VenueProvince":"","_VenueState":"","_VenueZip":"","_VenuePhone":"","_VenueURL":"","_VenueStateProvince":"","_VenueLat":"","_VenueLng":"","_VenueShowMap":false,"_VenueShowMapLink":false,"footnotes":""},"categories":[5],"tags":[147,151,150],"class_list":["post-4224","post","type-post","status-publish","format-standard","has-post-thumbnail","hentry","category-nouvelles","tag-lojiq","tag-quebec-volontaire","tag-restauration-de-la-villa-max"],"acf":[],"meta_box":[],"_links":{"self":[{"href":"https:\/\/cje-ndg.com\/fr\/wp-json\/wp\/v2\/posts\/4224","targetHints":{"allow":["GET"]}}],"collection":[{"href":"https:\/\/cje-ndg.com\/fr\/wp-json\/wp\/v2\/posts"}],"about":[{"href":"https:\/\/cje-ndg.com\/fr\/wp-json\/wp\/v2\/types\/post"}],"author":[{"embeddable":true,"href":"https:\/\/cje-ndg.com\/fr\/wp-json\/wp\/v2\/users\/43"}],"replies":[{"embeddable":true,"href":"https:\/\/cje-ndg.com\/fr\/wp-json\/wp\/v2\/comments?post=4224"}],"version-history":[{"count":0,"href":"https:\/\/cje-ndg.com\/fr\/wp-json\/wp\/v2\/posts\/4224\/revisions"}],"wp:featuredmedia":[{"embeddable":true,"href":"https:\/\/cje-ndg.com\/fr\/wp-json\/wp\/v2\/media\/4225"}],"wp:attachment":[{"href":"https:\/\/cje-ndg.com\/fr\/wp-json\/wp\/v2\/media?parent=4224"}],"wp:term":[{"taxonomy":"category","embeddable":true,"href":"https:\/\/cje-ndg.com\/fr\/wp-json\/wp\/v2\/categories?post=4224"},{"taxonomy":"post_tag","embeddable":true,"href":"https:\/\/cje-ndg.com\/fr\/wp-json\/wp\/v2\/tags?post=4224"}],"curies":[{"name":"wp","href":"https:\/\/api.w.org\/{rel}","templated":true}]}}