{"id":4340,"date":"2022-05-18T10:00:26","date_gmt":"2022-05-18T14:00:26","guid":{"rendered":"https:\/\/cje-ndg.com\/?p=4340"},"modified":"2022-05-16T14:42:35","modified_gmt":"2022-05-16T18:42:35","slug":"travailler-pour-le-quebec-plus-quune-carriere","status":"publish","type":"post","link":"https:\/\/cje-ndg.com\/fr\/travailler-pour-le-quebec-plus-quune-carriere\/","title":{"rendered":"Travailler pour le Qu\u00e9bec, plus qu\u2019une carri\u00e8re!"},"content":{"rendered":"<h2 style=\"text-align: center;\">Travailler pour le Qu\u00e9bec, plus qu\u2019une carri\u00e8re!<\/h2>\n<p style=\"text-align: left;\">Avec l\u2019\u00e9volution du march\u00e9 du travail, la fonction publique a entrepris de revoir en profondeur la mani\u00e8re de doter ses emplois. Ainsi, un nouveau processus de s\u00e9lection est entr\u00e9 en vigueur le 21 f\u00e9vrier 2022.<\/p>\n<p style=\"text-align: left;\">\nDepuis cette date, les emplois offerts au recrutement et \u00e0 la promotion sont pourvus \u00e0 la suite d\u2019un processus de s\u00e9lection. La notion de banque de personnes qualifi\u00e9es est donc \u00e9limin\u00e9e; des offres d&#8217;emploi pr\u00e9cis au recrutement et \u00e0 la promotion sont d\u00e9sormais publi\u00e9es.<\/p>\n<p style=\"text-align: left;\">\nAvec ce nouveau processus, une citoyenne ou un citoyen qui d\u00e9sire une carri\u00e8re dans la fonction publique a ainsi l&#8217;occasion de faire valoir sa candidature pour un emploi pr\u00e9cis, qui correspond \u00e0 ses champs d&#8217;int\u00e9r\u00eat et \u00e0 ses comp\u00e9tences, au lieu de voir son nom inscrit dans une banque de personnes qualifi\u00e9es. De cette fa\u00e7on, il ou elle n&#8217;a plus \u00e0 attendre avant de se voir offrir un emploi.<\/p>\n<p>Pour en savoir davantage, vous pouvez visionner la vid\u00e9o <b> <i>Travailler pour le Qu\u00e9bec, plus qu\u2019une carri\u00e8re!<\/i><\/b> en cliquant sur le lien suivant <a href=\"https:\/\/can01.safelinks.protection.outlook.com\/?url=https%3A%2F%2Fyoutu.be%2FAexmfjgyANA&amp;data=05%7C01%7Cmartine.hamelin%40sct.gouv.qc.ca%7Ce6225ed99d3b48480b0e08da373b98a2%7C5da2ba0c4c4245e890d9aef3be802034%7C0%7C0%7C637883026349138193%7CUnknown%7CTWFpbGZsb3d8eyJWIjoiMC4wLjAwMDAiLCJQIjoiV2luMzIiLCJBTiI6Ik1haWwiLCJXVCI6Mn0%3D%7C3000%7C%7C%7C&amp;sdata=xBLjFFZHltyeZQ6cduvTg%2FlSFQejUsoPS9d%2FY6JF%2FnA%3D&amp;reserved=0\" target=\"_blank\" rel=\"noopener\" data-saferedirecturl=\"https:\/\/www.google.com\/url?q=https:\/\/can01.safelinks.protection.outlook.com\/?url%3Dhttps%253A%252F%252Fyoutu.be%252FAexmfjgyANA%26data%3D05%257C01%257Cmartine.hamelin%2540sct.gouv.qc.ca%257Ce6225ed99d3b48480b0e08da373b98a2%257C5da2ba0c4c4245e890d9aef3be802034%257C0%257C0%257C637883026349138193%257CUnknown%257CTWFpbGZsb3d8eyJWIjoiMC4wLjAwMDAiLCJQIjoiV2luMzIiLCJBTiI6Ik1haWwiLCJXVCI6Mn0%253D%257C3000%257C%257C%257C%26sdata%3DxBLjFFZHltyeZQ6cduvTg%252FlSFQejUsoPS9d%252FY6JF%252FnA%253D%26reserved%3D0&amp;source=gmail&amp;ust=1652811467297000&amp;usg=AOvVaw0WiJv5Oy1mw_ZLEH2l8Eyd\"> https:\/\/youtu.be\/AexmfjgyANA<\/a>. Vous pouvez \u00e9galement consulter le site internet <a href=\"http:\/\/www.quebec.ca\" target=\"_blank\" rel=\"noopener\" data-saferedirecturl=\"https:\/\/www.google.com\/url?q=http:\/\/www.quebec.ca&amp;source=gmail&amp;ust=1652811467297000&amp;usg=AOvVaw1mSrHM-mHWtNjNOyeUNMWb\">www.quebec.ca<\/a>.<\/p>\n<p><img loading=\"lazy\" decoding=\"async\" class=\" wp-image-4341 aligncenter\" src=\"https:\/\/cje-ndg.com\/wp-content\/uploads\/2022\/05\/Refonte_fp_2022-04-052_page-0001-232x300.jpg\" alt=\"\" width=\"204\" height=\"264\" srcset=\"https:\/\/cje-ndg.com\/wp-content\/uploads\/2022\/05\/Refonte_fp_2022-04-052_page-0001-232x300.jpg 232w, https:\/\/cje-ndg.com\/wp-content\/uploads\/2022\/05\/Refonte_fp_2022-04-052_page-0001-791x1024.jpg 791w, https:\/\/cje-ndg.com\/wp-content\/uploads\/2022\/05\/Refonte_fp_2022-04-052_page-0001-768x994.jpg 768w, https:\/\/cje-ndg.com\/wp-content\/uploads\/2022\/05\/Refonte_fp_2022-04-052_page-0001-1187x1536.jpg 1187w, https:\/\/cje-ndg.com\/wp-content\/uploads\/2022\/05\/Refonte_fp_2022-04-052_page-0001-9x12.jpg 9w, https:\/\/cje-ndg.com\/wp-content\/uploads\/2022\/05\/Refonte_fp_2022-04-052_page-0001-480x621.jpg 480w, https:\/\/cje-ndg.com\/wp-content\/uploads\/2022\/05\/Refonte_fp_2022-04-052_page-0001-640x828.jpg 640w, https:\/\/cje-ndg.com\/wp-content\/uploads\/2022\/05\/Refonte_fp_2022-04-052_page-0001-720x932.jpg 720w, https:\/\/cje-ndg.com\/wp-content\/uploads\/2022\/05\/Refonte_fp_2022-04-052_page-0001-960x1242.jpg 960w, https:\/\/cje-ndg.com\/wp-content\/uploads\/2022\/05\/Refonte_fp_2022-04-052_page-0001-1168x1512.jpg 1168w, https:\/\/cje-ndg.com\/wp-content\/uploads\/2022\/05\/Refonte_fp_2022-04-052_page-0001.jpg 1275w\" sizes=\"auto, (max-width: 204px) 100vw, 204px\" \/><\/p>\n<p>&nbsp;<\/p>\n","protected":false},"excerpt":{"rendered":"<p>Travailler pour le Qu\u00e9bec, plus qu\u2019une carri\u00e8re! Avec l\u2019\u00e9volution du march\u00e9 du travail, la fonction publique a entrepris de revoir en profondeur la mani\u00e8re de doter ses emplois. Ainsi, un [&hellip;]<\/p>\n","protected":false},"author":43,"featured_media":4342,"comment_status":"open","ping_status":"open","sticky":false,"template":"","format":"standard","meta":{"_acf_changed":false,"_uf_show_specific_survey":0,"_uf_disable_surveys":false,"_EventAllDay":false,"_EventTimezone":"","_EventStartDate":"","_EventEndDate":"","_EventStartDateUTC":"","_EventEndDateUTC":"","_EventShowMap":false,"_EventShowMapLink":false,"_EventURL":"","_EventCost":"","_EventCostDescription":"","_EventCurrencySymbol":"","_EventCurrencyCode":"","_EventCurrencyPosition":"","_EventDateTimeSeparator":"","_EventTimeRangeSeparator":"","_EventOrganizerID":[],"_EventVenueID":[],"_OrganizerEmail":"","_OrganizerPhone":"","_OrganizerWebsite":"","_VenueAddress":"","_VenueCity":"","_VenueCountry":"","_VenueProvince":"","_VenueState":"","_VenueZip":"","_VenuePhone":"","_VenueURL":"","_VenueStateProvince":"","_VenueLat":"","_VenueLng":"","_VenueShowMap":false,"_VenueShowMapLink":false,"footnotes":""},"categories":[5],"tags":[166,165],"class_list":["post-4340","post","type-post","status-publish","format-standard","has-post-thumbnail","hentry","category-nouvelles","tag-plus-quune-carriere","tag-travailler-pour-le-quebec"],"acf":[],"meta_box":[],"_links":{"self":[{"href":"https:\/\/cje-ndg.com\/fr\/wp-json\/wp\/v2\/posts\/4340","targetHints":{"allow":["GET"]}}],"collection":[{"href":"https:\/\/cje-ndg.com\/fr\/wp-json\/wp\/v2\/posts"}],"about":[{"href":"https:\/\/cje-ndg.com\/fr\/wp-json\/wp\/v2\/types\/post"}],"author":[{"embeddable":true,"href":"https:\/\/cje-ndg.com\/fr\/wp-json\/wp\/v2\/users\/43"}],"replies":[{"embeddable":true,"href":"https:\/\/cje-ndg.com\/fr\/wp-json\/wp\/v2\/comments?post=4340"}],"version-history":[{"count":0,"href":"https:\/\/cje-ndg.com\/fr\/wp-json\/wp\/v2\/posts\/4340\/revisions"}],"wp:featuredmedia":[{"embeddable":true,"href":"https:\/\/cje-ndg.com\/fr\/wp-json\/wp\/v2\/media\/4342"}],"wp:attachment":[{"href":"https:\/\/cje-ndg.com\/fr\/wp-json\/wp\/v2\/media?parent=4340"}],"wp:term":[{"taxonomy":"category","embeddable":true,"href":"https:\/\/cje-ndg.com\/fr\/wp-json\/wp\/v2\/categories?post=4340"},{"taxonomy":"post_tag","embeddable":true,"href":"https:\/\/cje-ndg.com\/fr\/wp-json\/wp\/v2\/tags?post=4340"}],"curies":[{"name":"wp","href":"https:\/\/api.w.org\/{rel}","templated":true}]}}