{"id":4369,"date":"2022-05-24T14:46:41","date_gmt":"2022-05-24T18:46:41","guid":{"rendered":"https:\/\/cje-ndg.com\/?p=4369"},"modified":"2022-05-24T14:48:13","modified_gmt":"2022-05-24T18:48:13","slug":"assemblee-generale-annuelle-2022","status":"publish","type":"post","link":"https:\/\/cje-ndg.com\/fr\/assemblee-generale-annuelle-2022\/","title":{"rendered":"Assembl\u00e9e g\u00e9n\u00e9rale annuelle 2022"},"content":{"rendered":"<p class=\"_04xlpA direction-ltr align-justify para-style-body\"><span class=\"JsGRdQ\">Le Carrefour jeunesse-emploi Notre-Dame-de-Gr\u00e2ce vous invite \u00e0 notre <em><strong>assembl\u00e9e g\u00e9n\u00e9rale annuelle 2022<\/strong><\/em>.<\/span><\/p>\n<p class=\"_04xlpA direction-ltr align-justify para-style-body\"><span class=\"JsGRdQ\">Pour plus d&#8217;infos, veuillez trouver <a href=\"https:\/\/cje-ndg.com\/fr\/events\/assemblee-generale-annuelle-2022\/\">ici<\/a> <\/span><\/p>\n","protected":false},"excerpt":{"rendered":"<p>Le Carrefour jeunesse-emploi Notre-Dame-de-Gr\u00e2ce vous invite \u00e0 notre assembl\u00e9e g\u00e9n\u00e9rale annuelle 2022. Pour plus d&#8217;infos, veuillez trouver ici<\/p>\n","protected":false},"author":43,"featured_media":4368,"comment_status":"open","ping_status":"open","sticky":false,"template":"","format":"standard","meta":{"_acf_changed":false,"_uf_show_specific_survey":0,"_uf_disable_surveys":false,"_EventAllDay":false,"_EventTimezone":"","_EventStartDate":"","_EventEndDate":"","_EventStartDateUTC":"","_EventEndDateUTC":"","_EventShowMap":false,"_EventShowMapLink":false,"_EventURL":"","_EventCost":"","_EventCostDescription":"","_EventCurrencySymbol":"","_EventCurrencyCode":"","_EventCurrencyPosition":"","_EventDateTimeSeparator":"","_EventTimeRangeSeparator":"","_EventOrganizerID":[],"_EventVenueID":[],"_OrganizerEmail":"","_OrganizerPhone":"","_OrganizerWebsite":"","_VenueAddress":"","_VenueCity":"","_VenueCountry":"","_VenueProvince":"","_VenueState":"","_VenueZip":"","_VenuePhone":"","_VenueURL":"","_VenueStateProvince":"","_VenueLat":"","_VenueLng":"","_VenueShowMap":false,"_VenueShowMapLink":false,"footnotes":""},"categories":[5],"tags":[167,142,169],"class_list":["post-4369","post","type-post","status-publish","format-standard","has-post-thumbnail","hentry","category-nouvelles","tag-aga","tag-cje-ndg","tag-juin-16-5a-7"],"acf":[],"meta_box":[],"_links":{"self":[{"href":"https:\/\/cje-ndg.com\/fr\/wp-json\/wp\/v2\/posts\/4369","targetHints":{"allow":["GET"]}}],"collection":[{"href":"https:\/\/cje-ndg.com\/fr\/wp-json\/wp\/v2\/posts"}],"about":[{"href":"https:\/\/cje-ndg.com\/fr\/wp-json\/wp\/v2\/types\/post"}],"author":[{"embeddable":true,"href":"https:\/\/cje-ndg.com\/fr\/wp-json\/wp\/v2\/users\/43"}],"replies":[{"embeddable":true,"href":"https:\/\/cje-ndg.com\/fr\/wp-json\/wp\/v2\/comments?post=4369"}],"version-history":[{"count":0,"href":"https:\/\/cje-ndg.com\/fr\/wp-json\/wp\/v2\/posts\/4369\/revisions"}],"wp:featuredmedia":[{"embeddable":true,"href":"https:\/\/cje-ndg.com\/fr\/wp-json\/wp\/v2\/media\/4368"}],"wp:attachment":[{"href":"https:\/\/cje-ndg.com\/fr\/wp-json\/wp\/v2\/media?parent=4369"}],"wp:term":[{"taxonomy":"category","embeddable":true,"href":"https:\/\/cje-ndg.com\/fr\/wp-json\/wp\/v2\/categories?post=4369"},{"taxonomy":"post_tag","embeddable":true,"href":"https:\/\/cje-ndg.com\/fr\/wp-json\/wp\/v2\/tags?post=4369"}],"curies":[{"name":"wp","href":"https:\/\/api.w.org\/{rel}","templated":true}]}}