{"id":4478,"date":"2022-06-20T14:59:29","date_gmt":"2022-06-20T18:59:29","guid":{"rendered":"https:\/\/cje-ndg.com\/?p=4478"},"modified":"2022-06-20T14:59:29","modified_gmt":"2022-06-20T18:59:29","slug":"salon-national-de-leducation-montreal","status":"publish","type":"post","link":"https:\/\/cje-ndg.com\/fr\/salon-national-de-leducation-montreal\/","title":{"rendered":"Salon national de l\u2019\u00e9ducation Montr\u00e9al"},"content":{"rendered":"<p>Le Salon permet \u00e0 tous, jeunes et adultes, de retrouver sous un m\u00eame toit pendant 2 jours de multiples ressources du monde de l&#8217;\u00e9ducation et du choix de carri\u00e8re, et d&#8217;\u00e9changer en face-\u00e0-face avec leurs repr\u00e9sentants. Ne manquez pas cette occasion de d\u00e9couvrir et d&#8217;explorer les innombrables options d&#8217;\u00e9tudes et de formation ainsi que les diff\u00e9rents m\u00e9tiers et professions qui s&#8217;offrent \u00e0 vous!<\/p>\n<p>Pour toutes les informations, veuillez cliquer <a href=\"https:\/\/www.salonnationaleducation.com\/n\/fr\/accueil\/index.html\">ici<\/a><\/p>\n","protected":false},"excerpt":{"rendered":"<p>Le Salon permet \u00e0 tous, jeunes et adultes, de retrouver sous un m\u00eame toit pendant 2 jours de multiples ressources du monde de l&#8217;\u00e9ducation et du choix de carri\u00e8re, et [&hellip;]<\/p>\n","protected":false},"author":43,"featured_media":4479,"comment_status":"open","ping_status":"open","sticky":false,"template":"","format":"standard","meta":{"_acf_changed":false,"_uf_show_specific_survey":0,"_uf_disable_surveys":false,"_EventAllDay":false,"_EventTimezone":"","_EventStartDate":"","_EventEndDate":"","_EventStartDateUTC":"","_EventEndDateUTC":"","_EventShowMap":false,"_EventShowMapLink":false,"_EventURL":"","_EventCost":"","_EventCostDescription":"","_EventCurrencySymbol":"","_EventCurrencyCode":"","_EventCurrencyPosition":"","_EventDateTimeSeparator":"","_EventTimeRangeSeparator":"","_EventOrganizerID":[],"_EventVenueID":[],"_OrganizerEmail":"","_OrganizerPhone":"","_OrganizerWebsite":"","_VenueAddress":"","_VenueCity":"","_VenueCountry":"","_VenueProvince":"","_VenueState":"","_VenueZip":"","_VenuePhone":"","_VenueURL":"","_VenueStateProvince":"","_VenueLat":"","_VenueLng":"","_VenueShowMap":false,"_VenueShowMapLink":false,"footnotes":""},"categories":[5],"tags":[142,185],"class_list":["post-4478","post","type-post","status-publish","format-standard","has-post-thumbnail","hentry","category-nouvelles","tag-cje-ndg","tag-salon-national-de-leducation-montreal"],"acf":[],"meta_box":[],"_links":{"self":[{"href":"https:\/\/cje-ndg.com\/fr\/wp-json\/wp\/v2\/posts\/4478","targetHints":{"allow":["GET"]}}],"collection":[{"href":"https:\/\/cje-ndg.com\/fr\/wp-json\/wp\/v2\/posts"}],"about":[{"href":"https:\/\/cje-ndg.com\/fr\/wp-json\/wp\/v2\/types\/post"}],"author":[{"embeddable":true,"href":"https:\/\/cje-ndg.com\/fr\/wp-json\/wp\/v2\/users\/43"}],"replies":[{"embeddable":true,"href":"https:\/\/cje-ndg.com\/fr\/wp-json\/wp\/v2\/comments?post=4478"}],"version-history":[{"count":0,"href":"https:\/\/cje-ndg.com\/fr\/wp-json\/wp\/v2\/posts\/4478\/revisions"}],"wp:featuredmedia":[{"embeddable":true,"href":"https:\/\/cje-ndg.com\/fr\/wp-json\/wp\/v2\/media\/4479"}],"wp:attachment":[{"href":"https:\/\/cje-ndg.com\/fr\/wp-json\/wp\/v2\/media?parent=4478"}],"wp:term":[{"taxonomy":"category","embeddable":true,"href":"https:\/\/cje-ndg.com\/fr\/wp-json\/wp\/v2\/categories?post=4478"},{"taxonomy":"post_tag","embeddable":true,"href":"https:\/\/cje-ndg.com\/fr\/wp-json\/wp\/v2\/tags?post=4478"}],"curies":[{"name":"wp","href":"https:\/\/api.w.org\/{rel}","templated":true}]}}