{"id":4486,"date":"2022-06-22T08:00:23","date_gmt":"2022-06-22T12:00:23","guid":{"rendered":"https:\/\/cje-ndg.com\/?p=4486"},"modified":"2024-09-18T10:18:44","modified_gmt":"2024-09-18T14:18:44","slug":"edition-2022-notre-planete-nos-droits","status":"publish","type":"post","link":"https:\/\/cje-ndg.com\/fr\/edition-2022-notre-planete-nos-droits\/","title":{"rendered":"\u00c9dition 2022 : Notre plan\u00e8te, nos droits!"},"content":{"rendered":"<p>Le Prix Droits et Libert\u00e9s est d\u00e9cern\u00e9 annuellement par la Commission des droits de la personne et des droits de la jeunesse\u00a0\u00e0 l\u2019occasion de la Journ\u00e9e internationale des droits de la personne. Le th\u00e8me de l\u2019\u00e9dition 2022\u00a0est :<\/p>\n<p>Cette ann\u00e9e, le prix vise \u00e0 promouvoir le\u00a0droit \u00e0 un environnement sain et respectueux de la biodiversit\u00e9,\u00a0prot\u00e9g\u00e9 par l\u2019article 46.1 de la Charte des droits et libert\u00e9s de la personne.<\/p>\n<p>Les initiatives recherch\u00e9es d\u00e9fendent le\u00a0droit \u00e0 un environnement sain, mobilisent pour la justice environnmentale et pour la lutte aux changements climatiques. Elles peuvent prendre diff\u00e9rentes formes : plaidoyer, sensibilisation et \u00e9ducation, ou encore des projets ax\u00e9s sur des solutions concr\u00e8tes.<\/p>\n<p>Pour plus d&#8217;infos, veuillez trouver <a href=\"https:\/\/www.cdpdj.qc.ca\/fr\/nos-services\/activites-et-services\/prix-droits-et-libertes?utm_source=Cyberimpact&amp;utm_medium=email&amp;utm_campaign=Appel-a-candidatures-Notre-planete-nos-droits\">ici.<\/a><\/p>\n","protected":false},"excerpt":{"rendered":"<p>Le Prix Droits et Libert\u00e9s est d\u00e9cern\u00e9 annuellement par la Commission des droits de la personne et des droits de la jeunesse\u00a0\u00e0 l\u2019occasion de la Journ\u00e9e internationale des droits de [&hellip;]<\/p>\n","protected":false},"author":43,"featured_media":0,"comment_status":"open","ping_status":"open","sticky":false,"template":"","format":"standard","meta":{"_acf_changed":false,"_uf_show_specific_survey":0,"_uf_disable_surveys":false,"_EventAllDay":false,"_EventTimezone":"","_EventStartDate":"","_EventEndDate":"","_EventStartDateUTC":"","_EventEndDateUTC":"","_EventShowMap":false,"_EventShowMapLink":false,"_EventURL":"","_EventCost":"","_EventCostDescription":"","_EventCurrencySymbol":"","_EventCurrencyCode":"","_EventCurrencyPosition":"","_EventDateTimeSeparator":"","_EventTimeRangeSeparator":"","_EventOrganizerID":[],"_EventVenueID":[],"_OrganizerEmail":"","_OrganizerPhone":"","_OrganizerWebsite":"","_VenueAddress":"","_VenueCity":"","_VenueCountry":"","_VenueProvince":"","_VenueState":"","_VenueZip":"","_VenuePhone":"","_VenueURL":"","_VenueStateProvince":"","_VenueLat":"","_VenueLng":"","_VenueShowMap":false,"_VenueShowMapLink":false,"footnotes":""},"categories":[1],"tags":[],"class_list":["post-4486","post","type-post","status-publish","format-standard","hentry","category-non-classe"],"acf":[],"meta_box":[],"_links":{"self":[{"href":"https:\/\/cje-ndg.com\/fr\/wp-json\/wp\/v2\/posts\/4486","targetHints":{"allow":["GET"]}}],"collection":[{"href":"https:\/\/cje-ndg.com\/fr\/wp-json\/wp\/v2\/posts"}],"about":[{"href":"https:\/\/cje-ndg.com\/fr\/wp-json\/wp\/v2\/types\/post"}],"author":[{"embeddable":true,"href":"https:\/\/cje-ndg.com\/fr\/wp-json\/wp\/v2\/users\/43"}],"replies":[{"embeddable":true,"href":"https:\/\/cje-ndg.com\/fr\/wp-json\/wp\/v2\/comments?post=4486"}],"version-history":[{"count":0,"href":"https:\/\/cje-ndg.com\/fr\/wp-json\/wp\/v2\/posts\/4486\/revisions"}],"wp:attachment":[{"href":"https:\/\/cje-ndg.com\/fr\/wp-json\/wp\/v2\/media?parent=4486"}],"wp:term":[{"taxonomy":"category","embeddable":true,"href":"https:\/\/cje-ndg.com\/fr\/wp-json\/wp\/v2\/categories?post=4486"},{"taxonomy":"post_tag","embeddable":true,"href":"https:\/\/cje-ndg.com\/fr\/wp-json\/wp\/v2\/tags?post=4486"}],"curies":[{"name":"wp","href":"https:\/\/api.w.org\/{rel}","templated":true}]}}