{"id":4521,"date":"2022-07-07T14:05:45","date_gmt":"2022-07-07T18:05:45","guid":{"rendered":"https:\/\/cje-ndg.com\/?p=4521"},"modified":"2022-07-07T16:20:54","modified_gmt":"2022-07-07T20:20:54","slug":"conference-de-montreal-conference-of-montreal","status":"publish","type":"post","link":"https:\/\/cje-ndg.com\/fr\/conference-de-montreal-conference-of-montreal\/","title":{"rendered":"Conf\u00e9rence de Montr\u00e9al"},"content":{"rendered":"<p><a href=\"https:\/\/forum-americas.org\/leading-net-zero-transition\/\"><strong>La Conf\u00e9rence de Montr\u00e9al<\/strong><\/a> aura lieu \u00e0 <strong>l\u2019H\u00f4tel Bonaventure<\/strong>\u00a0<strong>du 11 au 13 juillet 2022<\/strong>.<\/p>\n<p>Les partenaires du Forum \u00c9conomique International des Am\u00e9riques ont le plaisir d\u2019<strong>offrir des invitations sans frais<\/strong>\u00a0pour que vous puissiez assister\u00a0en pr\u00e9sentiel\u00a0\u00e0 toutes les sessions de la journ\u00e9e choisie.<\/p>\n<p><strong>Vous pouvez inviter vos coll\u00e8gues aussi.<\/strong><\/p>\n<p>&nbsp;<\/p>\n","protected":false},"excerpt":{"rendered":"<p>La Conf\u00e9rence de Montr\u00e9al aura lieu \u00e0 l\u2019H\u00f4tel Bonaventure\u00a0du 11 au 13 juillet 2022. Les partenaires du Forum \u00c9conomique International des Am\u00e9riques ont le plaisir d\u2019offrir des invitations sans frais\u00a0pour [&hellip;]<\/p>\n","protected":false},"author":43,"featured_media":4522,"comment_status":"open","ping_status":"open","sticky":false,"template":"","format":"standard","meta":{"_acf_changed":false,"_uf_show_specific_survey":0,"_uf_disable_surveys":false,"_EventAllDay":false,"_EventTimezone":"","_EventStartDate":"","_EventEndDate":"","_EventStartDateUTC":"","_EventEndDateUTC":"","_EventShowMap":false,"_EventShowMapLink":false,"_EventURL":"","_EventCost":"","_EventCostDescription":"","_EventCurrencySymbol":"","_EventCurrencyCode":"","_EventCurrencyPosition":"","_EventDateTimeSeparator":"","_EventTimeRangeSeparator":"","_EventOrganizerID":[],"_EventVenueID":[],"_OrganizerEmail":"","_OrganizerPhone":"","_OrganizerWebsite":"","_VenueAddress":"","_VenueCity":"","_VenueCountry":"","_VenueProvince":"","_VenueState":"","_VenueZip":"","_VenuePhone":"","_VenueURL":"","_VenueStateProvince":"","_VenueLat":"","_VenueLng":"","_VenueShowMap":false,"_VenueShowMapLink":false,"footnotes":""},"categories":[5],"tags":[187],"class_list":["post-4521","post","type-post","status-publish","format-standard","has-post-thumbnail","hentry","category-nouvelles","tag-conference-de-montreal-conference-of-montreal"],"acf":[],"meta_box":[],"_links":{"self":[{"href":"https:\/\/cje-ndg.com\/fr\/wp-json\/wp\/v2\/posts\/4521","targetHints":{"allow":["GET"]}}],"collection":[{"href":"https:\/\/cje-ndg.com\/fr\/wp-json\/wp\/v2\/posts"}],"about":[{"href":"https:\/\/cje-ndg.com\/fr\/wp-json\/wp\/v2\/types\/post"}],"author":[{"embeddable":true,"href":"https:\/\/cje-ndg.com\/fr\/wp-json\/wp\/v2\/users\/43"}],"replies":[{"embeddable":true,"href":"https:\/\/cje-ndg.com\/fr\/wp-json\/wp\/v2\/comments?post=4521"}],"version-history":[{"count":0,"href":"https:\/\/cje-ndg.com\/fr\/wp-json\/wp\/v2\/posts\/4521\/revisions"}],"wp:featuredmedia":[{"embeddable":true,"href":"https:\/\/cje-ndg.com\/fr\/wp-json\/wp\/v2\/media\/4522"}],"wp:attachment":[{"href":"https:\/\/cje-ndg.com\/fr\/wp-json\/wp\/v2\/media?parent=4521"}],"wp:term":[{"taxonomy":"category","embeddable":true,"href":"https:\/\/cje-ndg.com\/fr\/wp-json\/wp\/v2\/categories?post=4521"},{"taxonomy":"post_tag","embeddable":true,"href":"https:\/\/cje-ndg.com\/fr\/wp-json\/wp\/v2\/tags?post=4521"}],"curies":[{"name":"wp","href":"https:\/\/api.w.org\/{rel}","templated":true}]}}