{"id":4541,"date":"2022-07-20T10:40:48","date_gmt":"2022-07-20T14:40:48","guid":{"rendered":"https:\/\/cje-ndg.com\/?p=4541"},"modified":"2022-07-18T14:56:44","modified_gmt":"2022-07-18T18:56:44","slug":"un-lieu-pour-les-jeunes-de-12-a-25-ans","status":"publish","type":"post","link":"https:\/\/cje-ndg.com\/fr\/un-lieu-pour-les-jeunes-de-12-a-25-ans\/","title":{"rendered":"UN LIEU POUR LES JEUNES DE 12 \u00c0 25 ANS"},"content":{"rendered":"<h1 id=\"titreNo1\" class=\"d-block themeTitre\">Aire ouverte : services pour les jeunes de 12 \u00e0 25 ans<\/h1>\n<h2 class=\"\">Un milieu unique pour les jeunes<\/h2>\n<div class=\"ce-textpic ce-left ce-above\">\n<div class=\"ce-bodytext\">\n<p>Dans un point de service Aire ouverte, les adolescents et les jeunes adultes re\u00e7oivent un accueil et des services adapt\u00e9s \u00e0 leurs besoins. Des professionnels, comme une infirmi\u00e8re ou un travailleur social, sont pr\u00e9sents sur place pour les accueillir, les \u00e9couter et les aider \u00e0 trouver des solutions. Le personnel est comp\u00e9tent et compr\u00e9hensif et l&#8217;aide apport\u00e9e se fait sans jugement, peu importe la situation, l\u2019occupation ou la condition de la personne. Chaque site Aire\u00a0ouverte a \u00e9t\u00e9 d\u00e9velopp\u00e9 avec la participation de jeunes de\u00a012 \u00e0 25\u00a0ans.<\/p>\n<p>Les services offerts \u00e0 Aire\u00a0ouverte sont gratuits et se font dans le respect des informations personnelles.<\/p>\n<\/div>\n<p>Pour toutes les informations, veuillez visiter <a href=\"https:\/\/www.quebec.ca\/sante\/trouver-une-ressource\/aire-ouverte\">ici<\/a><\/p>\n<\/div>\n","protected":false},"excerpt":{"rendered":"<p>Aire ouverte : services pour les jeunes de 12 \u00e0 25 ans Un milieu unique pour les jeunes Dans un point de service Aire ouverte, les adolescents et les jeunes [&hellip;]<\/p>\n","protected":false},"author":43,"featured_media":4542,"comment_status":"open","ping_status":"open","sticky":false,"template":"","format":"standard","meta":{"_acf_changed":false,"_uf_show_specific_survey":0,"_uf_disable_surveys":false,"_EventAllDay":false,"_EventTimezone":"","_EventStartDate":"","_EventEndDate":"","_EventStartDateUTC":"","_EventEndDateUTC":"","_EventShowMap":false,"_EventShowMapLink":false,"_EventURL":"","_EventCost":"","_EventCostDescription":"","_EventCurrencySymbol":"","_EventCurrencyCode":"","_EventCurrencyPosition":"","_EventDateTimeSeparator":"","_EventTimeRangeSeparator":"","_EventOrganizerID":[],"_EventVenueID":[],"_OrganizerEmail":"","_OrganizerPhone":"","_OrganizerWebsite":"","_VenueAddress":"","_VenueCity":"","_VenueCountry":"","_VenueProvince":"","_VenueState":"","_VenueZip":"","_VenuePhone":"","_VenueURL":"","_VenueStateProvince":"","_VenueLat":"","_VenueLng":"","_VenueShowMap":false,"_VenueShowMapLink":false,"footnotes":""},"categories":[5],"tags":[188,189,190],"class_list":["post-4541","post","type-post","status-publish","format-standard","has-post-thumbnail","hentry","category-nouvelles","tag-aire-ouverte","tag-les-jeunes-de-12-a-25-ans","tag-lingues-decoute-telephnique"],"acf":[],"meta_box":[],"_links":{"self":[{"href":"https:\/\/cje-ndg.com\/fr\/wp-json\/wp\/v2\/posts\/4541","targetHints":{"allow":["GET"]}}],"collection":[{"href":"https:\/\/cje-ndg.com\/fr\/wp-json\/wp\/v2\/posts"}],"about":[{"href":"https:\/\/cje-ndg.com\/fr\/wp-json\/wp\/v2\/types\/post"}],"author":[{"embeddable":true,"href":"https:\/\/cje-ndg.com\/fr\/wp-json\/wp\/v2\/users\/43"}],"replies":[{"embeddable":true,"href":"https:\/\/cje-ndg.com\/fr\/wp-json\/wp\/v2\/comments?post=4541"}],"version-history":[{"count":0,"href":"https:\/\/cje-ndg.com\/fr\/wp-json\/wp\/v2\/posts\/4541\/revisions"}],"wp:featuredmedia":[{"embeddable":true,"href":"https:\/\/cje-ndg.com\/fr\/wp-json\/wp\/v2\/media\/4542"}],"wp:attachment":[{"href":"https:\/\/cje-ndg.com\/fr\/wp-json\/wp\/v2\/media?parent=4541"}],"wp:term":[{"taxonomy":"category","embeddable":true,"href":"https:\/\/cje-ndg.com\/fr\/wp-json\/wp\/v2\/categories?post=4541"},{"taxonomy":"post_tag","embeddable":true,"href":"https:\/\/cje-ndg.com\/fr\/wp-json\/wp\/v2\/tags?post=4541"}],"curies":[{"name":"wp","href":"https:\/\/api.w.org\/{rel}","templated":true}]}}