{"id":4590,"date":"2022-08-10T10:00:46","date_gmt":"2022-08-10T14:00:46","guid":{"rendered":"https:\/\/cje-ndg.com\/?p=4590"},"modified":"2022-07-27T15:41:07","modified_gmt":"2022-07-27T19:41:07","slug":"bulletin-mensuel-du-marche-du-travail-au-quebec-juin-2022","status":"publish","type":"post","link":"https:\/\/cje-ndg.com\/fr\/bulletin-mensuel-du-marche-du-travail-au-quebec-juin-2022\/","title":{"rendered":"Bulletin mensuel du march\u00e9 du travail au Qu\u00e9bec &#8211; Juin 2022"},"content":{"rendered":"<p>En juin, l\u2019<strong>emploi<\/strong> est \u00e0 la baisse au Qu\u00e9bec ( 27 000;\u00a0 0,6\u00a0%) et au Canada ( 43 200;\u00a0 0,2\u00a0%).<\/p>\n<p><a class=\"lien_fichier googlesuivi\" href=\"https:\/\/www.emploiquebec.gouv.qc.ca\/fileadmin\/fichiers\/pdf\/Publications\/00-imt-bmt-2022-06.pdf\" target=\"_blank\" rel=\"noopener\">Consultez le dernier bulletin sur le march\u00e9 du travail\u00a0(PDF,\u00a0526\u00a0Ko)<\/a><\/p>\n<ul>\n<li>Au Qu\u00e9bec, la baisse de l\u2019emploi a touch\u00e9 le temps plein ( 40 100;\u00a0 1,1\u00a0%) alors que le temps partiel a augment\u00e9 (+13 000; +1,7\u00a0%).<\/li>\n<li>Les <strong>secteurs <\/strong>o\u00f9 l\u2019emploi, en nombre, a le plus augment\u00e9 sont : services professionnels, scientifiques et techniques (+9 600; +2,6\u00a0%), fabrication (+9 400; +1,9\u00a0%) et agriculture (+3 600; +6,7\u00a0%).<\/li>\n<li>Les secteurs o\u00f9 l\u2019emploi, en nombre, a le plus baiss\u00e9 sont : foresterie, p\u00eache, mines, exploitation en carri\u00e8re, et extraction de p\u00e9trole et de gaz ( 9 300;\u00a0 18,4\u00a0%), information, culture et loisirs ( 8 400;\u00a0 4,5\u00a0%) et soins de sant\u00e9 et assistance sociale ( 7 500;\u00a0 1,2\u00a0%).<\/li>\n<li>La baisse de l\u2019emploi a touch\u00e9 aussi bien les hommes ( 14 200;\u00a0 0,6\u00a0%) que les femmes ( 12 800;\u00a0 0,6\u00a0%).<\/li>\n<li>Une cr\u00e9ation nette d\u2019emplois est observ\u00e9e dans le secteur priv\u00e9 (+9 800) et une baisse dans le secteur public ( 26 600) et chez les travailleurs autonomes ( 10 200).<\/li>\n<li>La baisse de l\u2019emploi a touch\u00e9 tous les groupes d\u2019\u00e2ge : les 55 ans et plus ( 13 600;\u00a0 1,4\u00a0%), les 15 \u00e0 24 ans ( 11 300;\u00a0 1,9\u00a0%) et les 25 \u00e0 54 ans ( 2 300;\u00a0 0,1\u00a0%).<\/li>\n<\/ul>\n<ul>\n<li>Par rapport \u00e0 juin 2021, l\u2019emploi a augment\u00e9 au Qu\u00e9bec (+70 600; +1,6\u00a0%). La hausse a touch\u00e9 l\u2019emploi \u00e0 temps plein (+66 400; +1,9\u00a0%) et celui \u00e0 temps partiel (+4 200; +0,5\u00a0%).<\/li>\n<li>La moyenne de janvier \u00e0 juin 2022 indique que l\u2019emploi a augment\u00e9 (+145 700; +3,5\u00a0%), par rapport \u00e0 la m\u00eame p\u00e9riode de 2021. La hausse a touch\u00e9 l\u2019emploi \u00e0 temps plein (+80 200; +2,3\u00a0%) et celui \u00e0 temps partiel (+65 600; +9,1\u00a0%).<\/li>\n<li>Par rapport au mois dernier, le <strong>taux de ch\u00f4mage<\/strong> a augment\u00e9 de 0,1 point de pourcentage (p.p.), \u00e0 4,3\u00a0% au Qu\u00e9bec (au troisi\u00e8me rang des provinces canadiennes, apr\u00e8s le Manitoba et la Saskatchewan) et a baiss\u00e9 de 0,2\u00a0p.p. au Canada \u00e0 4,9\u00a0% (son niveau le plus bas depuis 1976). Par rapport \u00e0 juin 2021, le taux de ch\u00f4mage a baiss\u00e9 de 1,9\u00a0p.p. au Qu\u00e9bec et de 2,7 p.p. au Canada.<\/li>\n<li>En juin, les taux d\u2019activit\u00e9 (63,6\u00a0%;\u00a0 0,5\u00a0p.p.) et d\u2019emploi (60,9\u00a0%;\u00a0 0,5 p.p.) sont en baisse.<\/li>\n<li>En juin, la <strong>population active<\/strong> a baiss\u00e9 au Qu\u00e9bec ( 26 100;\u00a0 0,6\u00a0%) et au Canada ( 97 500;\u00a0 0,5\u00a0%). Par rapport \u00e0 juin 2021, elle a baiss\u00e9 au Qu\u00e9bec ( 18 200;\u00a0 0,4\u00a0%) et a augment\u00e9 au Canada (+257 500; +1,3\u00a0%).<\/li>\n<li>L\u2019analyse par niveau de qualification montre que l\u2019emploi est en hausse pour le groupe \u00ab hautement qualifi\u00e9 \u00bb1 (+13 200; +0,6\u00a0%) et en baisse pour les groupes \u00ab peu qualifi\u00e9 \u00bb2 (-25 400; -1,8\u00a0%) et \u00ab\u00a0qualifi\u00e9\u00a0\u00bb3 (-14 800; -2,1\u00a0%).<\/li>\n<li>Pour la population des 15 \u00e0 64 ans, les taux d\u2019activit\u00e9 (80,2\u00a0%; -0,3 p.p.) et d\u2019emploi (76,7\u00a0%; -0,3 p.p.) sont en baisse. Le Qu\u00e9bec se situe au quatri\u00e8me rang des provinces canadiennes pour le taux d\u2019activit\u00e9 et au deuxi\u00e8me pour le taux d\u2019emploi.<\/li>\n<li>Finalement, la comparaison par rapport \u00e0 la situation d\u2019avant la pand\u00e9mie (f\u00e9vrier 2020) montre que le niveau d\u2019emploi, observ\u00e9 en juin 2022, a peu vari\u00e9 (-500; -0,0\u00a0%). Cependant, on observe une hausse de l\u2019emploi \u00e0 temps plein (+21 900; +0,6\u00a0%) et une baisse de celui \u00e0 temps partiel (-22 400; -2,8\u00a0%).<\/li>\n<\/ul>\n<hr class=\"clearer\" \/>\n","protected":false},"excerpt":{"rendered":"<p>En juin, l\u2019emploi est \u00e0 la baisse au Qu\u00e9bec ( 27 000;\u00a0 0,6\u00a0%) et au Canada ( 43 200;\u00a0 0,2\u00a0%). Consultez le dernier bulletin sur le march\u00e9 du travail\u00a0(PDF,\u00a0526\u00a0Ko) Au [&hellip;]<\/p>\n","protected":false},"author":43,"featured_media":4591,"comment_status":"open","ping_status":"open","sticky":false,"template":"","format":"standard","meta":{"_acf_changed":false,"_uf_show_specific_survey":0,"_uf_disable_surveys":false,"_EventAllDay":false,"_EventTimezone":"","_EventStartDate":"","_EventEndDate":"","_EventStartDateUTC":"","_EventEndDateUTC":"","_EventShowMap":false,"_EventShowMapLink":false,"_EventURL":"","_EventCost":"","_EventCostDescription":"","_EventCurrencySymbol":"","_EventCurrencyCode":"","_EventCurrencyPosition":"","_EventDateTimeSeparator":"","_EventTimeRangeSeparator":"","_EventOrganizerID":[],"_EventVenueID":[],"_OrganizerEmail":"","_OrganizerPhone":"","_OrganizerWebsite":"","_VenueAddress":"","_VenueCity":"","_VenueCountry":"","_VenueProvince":"","_VenueState":"","_VenueZip":"","_VenuePhone":"","_VenueURL":"","_VenueStateProvince":"","_VenueLat":"","_VenueLng":"","_VenueShowMap":false,"_VenueShowMapLink":false,"footnotes":""},"categories":[5],"tags":[208,142,209],"class_list":["post-4590","post","type-post","status-publish","format-standard","has-post-thumbnail","hentry","category-nouvelles","tag-bulletin-mensuel-du-marche-du-travail-au-quebec","tag-cje-ndg","tag-les-secteurs-ou-lemploi"],"acf":[],"meta_box":[],"_links":{"self":[{"href":"https:\/\/cje-ndg.com\/fr\/wp-json\/wp\/v2\/posts\/4590","targetHints":{"allow":["GET"]}}],"collection":[{"href":"https:\/\/cje-ndg.com\/fr\/wp-json\/wp\/v2\/posts"}],"about":[{"href":"https:\/\/cje-ndg.com\/fr\/wp-json\/wp\/v2\/types\/post"}],"author":[{"embeddable":true,"href":"https:\/\/cje-ndg.com\/fr\/wp-json\/wp\/v2\/users\/43"}],"replies":[{"embeddable":true,"href":"https:\/\/cje-ndg.com\/fr\/wp-json\/wp\/v2\/comments?post=4590"}],"version-history":[{"count":0,"href":"https:\/\/cje-ndg.com\/fr\/wp-json\/wp\/v2\/posts\/4590\/revisions"}],"wp:featuredmedia":[{"embeddable":true,"href":"https:\/\/cje-ndg.com\/fr\/wp-json\/wp\/v2\/media\/4591"}],"wp:attachment":[{"href":"https:\/\/cje-ndg.com\/fr\/wp-json\/wp\/v2\/media?parent=4590"}],"wp:term":[{"taxonomy":"category","embeddable":true,"href":"https:\/\/cje-ndg.com\/fr\/wp-json\/wp\/v2\/categories?post=4590"},{"taxonomy":"post_tag","embeddable":true,"href":"https:\/\/cje-ndg.com\/fr\/wp-json\/wp\/v2\/tags?post=4590"}],"curies":[{"name":"wp","href":"https:\/\/api.w.org\/{rel}","templated":true}]}}