{"id":4610,"date":"2022-08-17T10:00:31","date_gmt":"2022-08-17T14:00:31","guid":{"rendered":"https:\/\/cje-ndg.com\/?p=4610"},"modified":"2022-08-11T14:00:34","modified_gmt":"2022-08-11T18:00:34","slug":"rappel-pour-lenvironnement-former-et-mettre-en-action-les-13-17-ans-de-montreal","status":"publish","type":"post","link":"https:\/\/cje-ndg.com\/fr\/rappel-pour-lenvironnement-former-et-mettre-en-action-les-13-17-ans-de-montreal\/","title":{"rendered":"RAPPEL &#8211; Pour l\u2019environnement, former et mettre en action les 13-17 ans de Montr\u00e9al"},"content":{"rendered":"<p>Transmettre des valeurs d\u2019engagement responsable aux jeunes et les inviter \u00e0 s&#8217;impliquer en environnement vous\u00a0interpellent\u2009?\u00a0Voici l\u2019occasion d\u2019encourager des Montr\u00e9alais.es de 13 \u00e0 17 ans de votre r\u00e9seau \u00e0 faire une diff\u00e9rence pour la r\u00e9duction de l\u2019empreinte environnementale autour d\u2019eux. Le projet \u00e9coresponsable<a href=\"https:\/\/www.defigestes.ca\/\" data-saferedirecturl=\"https:\/\/www.google.com\/url?q=https:\/\/www.defigestes.ca\/&amp;source=gmail&amp;ust=1660250285578000&amp;usg=AOvVaw2UnRu_kq_Uz0TibsHm4i8I\">\u00a0D\u00e9fi GEStes<\/a>\u00a0sur l\u2019alimentation durable offre aux jeunes une exp\u00e9rience\u00a0<strong>formatrice et stimulante<\/strong>\u00a0accompagn\u00e9e d\u2019<a href=\"http:\/\/experts.es\/\" data-saferedirecturl=\"https:\/\/www.google.com\/url?q=http:\/\/experts.es\/&amp;source=gmail&amp;ust=1660250285578000&amp;usg=AOvVaw1YZwiD4KYHahWBErofxpS8\">experts.es<\/a>\u00a0du milieu.<\/p>\n<p>Pour permettre aux jeunes d\u2019organiser ce projet porteur dans leur milieu, qui regroupent d\u2019autres jeunes ayant les m\u00eames int\u00e9r\u00eats et pour leur donner ce pouvoir de changer les choses ensemble,\u00a0<strong>partagez\u00a0:\u00a0<\/strong><strong>\u00a0<\/strong><\/p>\n<ul>\n<li>Le message-type ici-bas pour les jeunes,<\/li>\n<li>Le bandeau et le PDF promotionnel ci-joint (pour des affiches, projection sur des t\u00e9l\u00e9visions, etc.),<\/li>\n<li>La publication<a href=\"https:\/\/www.instagram.com\/p\/CeWH-g8L0ag\/?hl=fr\" data-saferedirecturl=\"https:\/\/www.google.com\/url?q=https:\/\/www.instagram.com\/p\/CeWH-g8L0ag\/?hl%3Dfr&amp;source=gmail&amp;ust=1660250285578000&amp;usg=AOvVaw2OTWtwZ7T5w8WwZAXOd9S4\">\u00a0Instagram<\/a>.<\/li>\n<\/ul>\n<p>Les jeunes peuvent<a href=\"https:\/\/docs.google.com\/forms\/d\/e\/1FAIpQLSckNmcOR12ndGPDGv2lyV50xMg5rK5K4F3mIApfJLG37VjMoA\/viewform\" data-saferedirecturl=\"https:\/\/www.google.com\/url?q=https:\/\/docs.google.com\/forms\/d\/e\/1FAIpQLSckNmcOR12ndGPDGv2lyV50xMg5rK5K4F3mIApfJLG37VjMoA\/viewform&amp;source=gmail&amp;ust=1660250285578000&amp;usg=AOvVaw1JYwchVh42PqS0MQI-IRzO\">\u00a0d\u00e9poser d\u00e8s maintenant leur candidature pour le comit\u00e9 jeunesse<\/a>\u00a0du D\u00e9fi GEStes.<\/p>\n<p>Tu veux faire une diff\u00e9rence pour r\u00e9duire l\u2019empreinte environnementale autour de toi\u2009? Tu aimerais faire partie d\u2019un groupe ayant les m\u00eames int\u00e9r\u00eats que toi, comme la protection de l\u2019environnement, l\u2019alimentation durable, l\u2019engagement et la coop\u00e9ration\u2009?<\/p>\n<p>Le\u00a0<a href=\"https:\/\/www.defigestes.ca\/\" data-saferedirecturl=\"https:\/\/www.google.com\/url?q=https:\/\/www.defigestes.ca\/&amp;source=gmail&amp;ust=1660250285578000&amp;usg=AOvVaw2UnRu_kq_Uz0TibsHm4i8I\">D\u00e9fi GEStes<\/a>\u00a0a besoin de toi\u2009! Le D\u00e9fi GEStes, c\u2019est un d\u00e9fi de r\u00e9duction des \u00e9missions de gaz \u00e0 effet de serre (GES) qui mise sur l\u2019alimentation durable. On t\u2019invite \u00e0 poser ta candidature\u00a0<strong>au plus tard le 22\u00a0ao\u00fbt \u00e0 minuit<\/strong>\u00a0pour faire partie du comit\u00e9 de 13\u00a0jeunes qui \u00e9laborera la 2e\u00a0\u00e9dition du D\u00e9fi GEStes.<\/p>\n<p>Tu gagneras une exp\u00e9rience tr\u00e8s formatrice accompagn\u00e9e d\u2019<a href=\"http:\/\/experts.es\/\" data-saferedirecturl=\"https:\/\/www.google.com\/url?q=http:\/\/experts.es\/&amp;source=gmail&amp;ust=1660250285578000&amp;usg=AOvVaw1YZwiD4KYHahWBErofxpS8\">experts.es<\/a>\u00a0de plusieurs domaines (entrepreneuriat, r\u00e9seaux sociaux, marketing, environnement, etc.), un super ajout \u00e0 ton CV\u2009;<\/p>\n<p>Tu agiras comme leader et ambassadeur.e \u00e9coresponsable pour ton milieu\u2009;<\/p>\n<p>Tu seras r\u00e9mun\u00e9r\u00e9 pour ta participation\u2009!<\/p>\n<p>Pour participer, envoie-nous une vid\u00e9o de 15-60 secondes qui te pr\u00e9sente et qui explique ce qui te motive \u00e0 vouloir t\u2019impliquer pour l\u2019environnement.<\/p>\n<p>Conditions<\/p>\n<ol>\n<li>\u00catre \u00e2g\u00e9.e entre 13 et 17 ans et habiter dans la ville de Montr\u00e9al.<\/li>\n<li>\u00catre disponible pour des formations et des ateliers de cocr\u00e9ation r\u00e9mun\u00e9r\u00e9s avec des experts deux samedis vers la fin septembre (pour un total de 10 heures)<\/li>\n<li>S\u2019impliquer \u00e0 diff\u00e9rentes occasions jusqu&#8217;\u00e0 la fin du D\u00e9fi (moments \u00e0 d\u00e9terminer, pour environ 2 heures par mois.<\/li>\n<\/ol>\n<p><strong>Inscris-toi d\u00e8s maintenant sur ce\u00a0<\/strong><a href=\"https:\/\/docs.google.com\/forms\/d\/e\/1FAIpQLSckNmcOR12ndGPDGv2lyV50xMg5rK5K4F3mIApfJLG37VjMoA\/viewform\" data-saferedirecturl=\"https:\/\/www.google.com\/url?q=https:\/\/docs.google.com\/forms\/d\/e\/1FAIpQLSckNmcOR12ndGPDGv2lyV50xMg5rK5K4F3mIApfJLG37VjMoA\/viewform&amp;source=gmail&amp;ust=1660250285578000&amp;usg=AOvVaw1JYwchVh42PqS0MQI-IRzO\"><strong>court formulaire<\/strong><\/a><strong>\u00a0!<\/strong><\/p>\n","protected":false},"excerpt":{"rendered":"<p>Transmettre des valeurs d\u2019engagement responsable aux jeunes et les inviter \u00e0 s&#8217;impliquer en environnement vous\u00a0interpellent\u2009?\u00a0Voici l\u2019occasion d\u2019encourager des Montr\u00e9alais.es de 13 \u00e0 17 ans de votre r\u00e9seau \u00e0 faire une [&hellip;]<\/p>\n","protected":false},"author":43,"featured_media":4612,"comment_status":"open","ping_status":"open","sticky":false,"template":"","format":"standard","meta":{"_acf_changed":false,"_uf_show_specific_survey":0,"_uf_disable_surveys":false,"_EventAllDay":false,"_EventTimezone":"","_EventStartDate":"","_EventEndDate":"","_EventStartDateUTC":"","_EventEndDateUTC":"","_EventShowMap":false,"_EventShowMapLink":false,"_EventURL":"","_EventCost":"","_EventCostDescription":"","_EventCurrencySymbol":"","_EventCurrencyCode":"","_EventCurrencyPosition":"","_EventDateTimeSeparator":"","_EventTimeRangeSeparator":"","_EventOrganizerID":[],"_EventVenueID":[],"_OrganizerEmail":"","_OrganizerPhone":"","_OrganizerWebsite":"","_VenueAddress":"","_VenueCity":"","_VenueCountry":"","_VenueProvince":"","_VenueState":"","_VenueZip":"","_VenuePhone":"","_VenueURL":"","_VenueStateProvince":"","_VenueLat":"","_VenueLng":"","_VenueShowMap":false,"_VenueShowMapLink":false,"footnotes":""},"categories":[5],"tags":[],"class_list":["post-4610","post","type-post","status-publish","format-standard","has-post-thumbnail","hentry","category-nouvelles"],"acf":[],"meta_box":[],"_links":{"self":[{"href":"https:\/\/cje-ndg.com\/fr\/wp-json\/wp\/v2\/posts\/4610","targetHints":{"allow":["GET"]}}],"collection":[{"href":"https:\/\/cje-ndg.com\/fr\/wp-json\/wp\/v2\/posts"}],"about":[{"href":"https:\/\/cje-ndg.com\/fr\/wp-json\/wp\/v2\/types\/post"}],"author":[{"embeddable":true,"href":"https:\/\/cje-ndg.com\/fr\/wp-json\/wp\/v2\/users\/43"}],"replies":[{"embeddable":true,"href":"https:\/\/cje-ndg.com\/fr\/wp-json\/wp\/v2\/comments?post=4610"}],"version-history":[{"count":0,"href":"https:\/\/cje-ndg.com\/fr\/wp-json\/wp\/v2\/posts\/4610\/revisions"}],"wp:featuredmedia":[{"embeddable":true,"href":"https:\/\/cje-ndg.com\/fr\/wp-json\/wp\/v2\/media\/4612"}],"wp:attachment":[{"href":"https:\/\/cje-ndg.com\/fr\/wp-json\/wp\/v2\/media?parent=4610"}],"wp:term":[{"taxonomy":"category","embeddable":true,"href":"https:\/\/cje-ndg.com\/fr\/wp-json\/wp\/v2\/categories?post=4610"},{"taxonomy":"post_tag","embeddable":true,"href":"https:\/\/cje-ndg.com\/fr\/wp-json\/wp\/v2\/tags?post=4610"}],"curies":[{"name":"wp","href":"https:\/\/api.w.org\/{rel}","templated":true}]}}