{"id":4614,"date":"2022-08-19T10:00:07","date_gmt":"2022-08-19T14:00:07","guid":{"rendered":"https:\/\/cje-ndg.com\/?p=4614"},"modified":"2022-08-11T14:40:14","modified_gmt":"2022-08-11T18:40:14","slug":"recrutement-programme-transart-specialise-en-sante-mentale","status":"publish","type":"post","link":"https:\/\/cje-ndg.com\/fr\/recrutement-programme-transart-specialise-en-sante-mentale\/","title":{"rendered":"Recrutement Programme Transart ( Sp\u00e9cialis\u00e9 en Sant\u00e9 Mentale)"},"content":{"rendered":"<p><em>L\u2019Atelier est une ressource artistique alternative en sant\u00e9 mentale, qui offre la pratique des m\u00e9tiers d\u2019art comme outil th\u00e9rapeutique, de socialisation et de r\u00e9alisation de soi. Il s\u2019adresse aux personnes rencontrant des d\u00e9fis de sant\u00e9 mentale (anxi\u00e9t\u00e9, d\u00e9pression, bipolarit\u00e9, schizophr\u00e9nie, etc.).<\/em><\/p>\n<p>Nous vous contactons aujourd\u2019hui car nous recrutons pour notre programme TRANSART retour vers l\u2019emploi.<\/p>\n<p><strong>Plus pr\u00e9cis\u00e9ment, Transart est un programme GRATUIT, qui permet :<\/strong><\/p>\n<ul>\n<li>De favoriser le d\u00e9veloppement d\u2019une meilleure connaissance de soi (int\u00e9r\u00eats, motivations, forces, etc.)<\/li>\n<li>D\u2019identifier des milieux d\u2019emploi qui correspondent \u00e0 ses besoins, pour se r\u00e9int\u00e9grer professionnellement<\/li>\n<li>De prendre du temps pour soi par la pratique d\u2019un m\u00e9tier d\u2019art dans un espace cr\u00e9atif, accueillant et color\u00e9<\/li>\n<li>D\u2019int\u00e9grer un groupe de personnes ayant les m\u00eames objectifs que soi<\/li>\n<li>D\u2019\u00eatre accompagn\u00e9 par une enseignante en int\u00e9gration socio-professionnelle qualifi\u00e9e et un intervenant en employabilit\u00e9<\/li>\n<li>D\u2019\u00eatre support\u00e9 dans l\u2019atteinte de ses objectifs, tout en respectant son rythme<\/li>\n<\/ul>\n<p><strong>Notre programme commence le 12 septembre et les inscriptions sont en cours.<\/strong><\/p>\n<p><span id=\"page316R_mcid39\" class=\"markedContent\"><span dir=\"ltr\" role=\"presentation\">3680, rue Jeanne-Mance, espace 213<\/span><\/span><span id=\"page316R_mcid40\" class=\"markedContent\"><\/span><span id=\"page316R_mcid41\" class=\"markedContent\"><br role=\"presentation\" \/><span dir=\"ltr\" role=\"presentation\">Montr\u00e9al, (<\/span> <span dir=\"ltr\" role=\"presentation\">Qu\u00e9bec<\/span> <span dir=\"ltr\" role=\"presentation\">) H2X 2K5<\/span><\/span><span id=\"page316R_mcid42\" class=\"markedContent\"><br role=\"presentation\" \/><span dir=\"ltr\" role=\"presentation\">514\u2013844\u20136458<\/span><\/span><span id=\"page316R_mcid43\" class=\"markedContent\"><br role=\"presentation\" \/><span dir=\"ltr\" role=\"presentation\">info@atelierobnl.com<\/span><\/span><span id=\"page316R_mcid44\" class=\"markedContent\"><br role=\"presentation\" \/><span dir=\"ltr\" role=\"presentation\">atelierobnl.com<\/span><\/span><\/p>\n","protected":false},"excerpt":{"rendered":"<p>L\u2019Atelier est une ressource artistique alternative en sant\u00e9 mentale, qui offre la pratique des m\u00e9tiers d\u2019art comme outil th\u00e9rapeutique, de socialisation et de r\u00e9alisation de soi. Il s\u2019adresse aux personnes [&hellip;]<\/p>\n","protected":false},"author":43,"featured_media":4617,"comment_status":"open","ping_status":"open","sticky":false,"template":"","format":"standard","meta":{"_acf_changed":false,"_uf_show_specific_survey":0,"_uf_disable_surveys":false,"_EventAllDay":false,"_EventTimezone":"","_EventStartDate":"","_EventEndDate":"","_EventStartDateUTC":"","_EventEndDateUTC":"","_EventShowMap":false,"_EventShowMapLink":false,"_EventURL":"","_EventCost":"","_EventCostDescription":"","_EventCurrencySymbol":"","_EventCurrencyCode":"","_EventCurrencyPosition":"","_EventDateTimeSeparator":"","_EventTimeRangeSeparator":"","_EventOrganizerID":[],"_EventVenueID":[],"_OrganizerEmail":"","_OrganizerPhone":"","_OrganizerWebsite":"","_VenueAddress":"","_VenueCity":"","_VenueCountry":"","_VenueProvince":"","_VenueState":"","_VenueZip":"","_VenuePhone":"","_VenueURL":"","_VenueStateProvince":"","_VenueLat":"","_VenueLng":"","_VenueShowMap":false,"_VenueShowMapLink":false,"footnotes":""},"categories":[5],"tags":[212,213],"class_list":["post-4614","post","type-post","status-publish","format-standard","has-post-thumbnail","hentry","category-nouvelles","tag-specialise-en-sante-mentale","tag-transart"],"acf":[],"meta_box":[],"_links":{"self":[{"href":"https:\/\/cje-ndg.com\/fr\/wp-json\/wp\/v2\/posts\/4614","targetHints":{"allow":["GET"]}}],"collection":[{"href":"https:\/\/cje-ndg.com\/fr\/wp-json\/wp\/v2\/posts"}],"about":[{"href":"https:\/\/cje-ndg.com\/fr\/wp-json\/wp\/v2\/types\/post"}],"author":[{"embeddable":true,"href":"https:\/\/cje-ndg.com\/fr\/wp-json\/wp\/v2\/users\/43"}],"replies":[{"embeddable":true,"href":"https:\/\/cje-ndg.com\/fr\/wp-json\/wp\/v2\/comments?post=4614"}],"version-history":[{"count":0,"href":"https:\/\/cje-ndg.com\/fr\/wp-json\/wp\/v2\/posts\/4614\/revisions"}],"wp:featuredmedia":[{"embeddable":true,"href":"https:\/\/cje-ndg.com\/fr\/wp-json\/wp\/v2\/media\/4617"}],"wp:attachment":[{"href":"https:\/\/cje-ndg.com\/fr\/wp-json\/wp\/v2\/media?parent=4614"}],"wp:term":[{"taxonomy":"category","embeddable":true,"href":"https:\/\/cje-ndg.com\/fr\/wp-json\/wp\/v2\/categories?post=4614"},{"taxonomy":"post_tag","embeddable":true,"href":"https:\/\/cje-ndg.com\/fr\/wp-json\/wp\/v2\/tags?post=4614"}],"curies":[{"name":"wp","href":"https:\/\/api.w.org\/{rel}","templated":true}]}}