{"id":5108,"date":"2022-10-20T11:35:09","date_gmt":"2022-10-20T15:35:09","guid":{"rendered":"https:\/\/cje-ndg.com\/?p=5108"},"modified":"2022-10-20T11:35:09","modified_gmt":"2022-10-20T15:35:09","slug":"portes-ouvertes-cfp-de-neufchatel","status":"publish","type":"post","link":"https:\/\/cje-ndg.com\/fr\/portes-ouvertes-cfp-de-neufchatel\/","title":{"rendered":"Portes ouvertes CFP de Neufch\u00e2tel"},"content":{"rendered":"<h1>Trouve ta passion, passe \u00e0 l\u2019action!\u00a0<i class=\"fa fa-arrow-circle-o-right\"><\/i><\/h1>\n<p>Le Centre de formation professionnelle de Neufch\u00e2tel est un environnement moderne et dynamique. Tu seras accompagn\u00e9 tout au long de ton projet par un personnel comp\u00e9tent, engag\u00e9 et d\u00e9vou\u00e9, <strong>peu importe ta personnalit\u00e9!<\/strong><\/p>\n<p>Pour plus d&#8217;infos, veuillez trouver<a href=\"https:\/\/cfpn.cssc.gouv.qc.ca\/\"> ici<\/a><\/p>\n<p><img loading=\"lazy\" decoding=\"async\" class=\" wp-image-5109 aligncenter\" src=\"https:\/\/cje-ndg.com\/wp-content\/uploads\/2022\/10\/Portes-ouvertes-octobre-2022-300x169.png\" alt=\"\" width=\"398\" height=\"224\" srcset=\"https:\/\/cje-ndg.com\/wp-content\/uploads\/2022\/10\/Portes-ouvertes-octobre-2022-300x169.png 300w, https:\/\/cje-ndg.com\/wp-content\/uploads\/2022\/10\/Portes-ouvertes-octobre-2022-1024x576.png 1024w, https:\/\/cje-ndg.com\/wp-content\/uploads\/2022\/10\/Portes-ouvertes-octobre-2022-768x432.png 768w, https:\/\/cje-ndg.com\/wp-content\/uploads\/2022\/10\/Portes-ouvertes-octobre-2022-1536x864.png 1536w, https:\/\/cje-ndg.com\/wp-content\/uploads\/2022\/10\/Portes-ouvertes-octobre-2022-18x10.png 18w, https:\/\/cje-ndg.com\/wp-content\/uploads\/2022\/10\/Portes-ouvertes-octobre-2022-480x270.png 480w, https:\/\/cje-ndg.com\/wp-content\/uploads\/2022\/10\/Portes-ouvertes-octobre-2022-640x360.png 640w, https:\/\/cje-ndg.com\/wp-content\/uploads\/2022\/10\/Portes-ouvertes-octobre-2022-720x405.png 720w, https:\/\/cje-ndg.com\/wp-content\/uploads\/2022\/10\/Portes-ouvertes-octobre-2022-960x540.png 960w, https:\/\/cje-ndg.com\/wp-content\/uploads\/2022\/10\/Portes-ouvertes-octobre-2022-1168x657.png 1168w, https:\/\/cje-ndg.com\/wp-content\/uploads\/2022\/10\/Portes-ouvertes-octobre-2022-1440x810.png 1440w, https:\/\/cje-ndg.com\/wp-content\/uploads\/2022\/10\/Portes-ouvertes-octobre-2022-1320x743.png 1320w, https:\/\/cje-ndg.com\/wp-content\/uploads\/2022\/10\/Portes-ouvertes-octobre-2022.png 1920w\" sizes=\"auto, (max-width: 398px) 100vw, 398px\" \/><\/p>\n","protected":false},"excerpt":{"rendered":"<p>Trouve ta passion, passe \u00e0 l\u2019action!\u00a0 Le Centre de formation professionnelle de Neufch\u00e2tel est un environnement moderne et dynamique. Tu seras accompagn\u00e9 tout au long de ton projet par un [&hellip;]<\/p>\n","protected":false},"author":43,"featured_media":5110,"comment_status":"open","ping_status":"open","sticky":false,"template":"","format":"standard","meta":{"_acf_changed":false,"_uf_show_specific_survey":0,"_uf_disable_surveys":false,"_EventAllDay":false,"_EventTimezone":"","_EventStartDate":"","_EventEndDate":"","_EventStartDateUTC":"","_EventEndDateUTC":"","_EventShowMap":false,"_EventShowMapLink":false,"_EventURL":"","_EventCost":"","_EventCostDescription":"","_EventCurrencySymbol":"","_EventCurrencyCode":"","_EventCurrencyPosition":"","_EventDateTimeSeparator":"","_EventTimeRangeSeparator":"","_EventOrganizerID":[],"_EventVenueID":[],"_OrganizerEmail":"","_OrganizerPhone":"","_OrganizerWebsite":"","_VenueAddress":"","_VenueCity":"","_VenueCountry":"","_VenueProvince":"","_VenueState":"","_VenueZip":"","_VenuePhone":"","_VenueURL":"","_VenueStateProvince":"","_VenueLat":"","_VenueLng":"","_VenueShowMap":false,"_VenueShowMapLink":false,"footnotes":""},"categories":[5],"tags":[],"class_list":["post-5108","post","type-post","status-publish","format-standard","has-post-thumbnail","hentry","category-nouvelles"],"acf":[],"meta_box":[],"_links":{"self":[{"href":"https:\/\/cje-ndg.com\/fr\/wp-json\/wp\/v2\/posts\/5108","targetHints":{"allow":["GET"]}}],"collection":[{"href":"https:\/\/cje-ndg.com\/fr\/wp-json\/wp\/v2\/posts"}],"about":[{"href":"https:\/\/cje-ndg.com\/fr\/wp-json\/wp\/v2\/types\/post"}],"author":[{"embeddable":true,"href":"https:\/\/cje-ndg.com\/fr\/wp-json\/wp\/v2\/users\/43"}],"replies":[{"embeddable":true,"href":"https:\/\/cje-ndg.com\/fr\/wp-json\/wp\/v2\/comments?post=5108"}],"version-history":[{"count":0,"href":"https:\/\/cje-ndg.com\/fr\/wp-json\/wp\/v2\/posts\/5108\/revisions"}],"wp:featuredmedia":[{"embeddable":true,"href":"https:\/\/cje-ndg.com\/fr\/wp-json\/wp\/v2\/media\/5110"}],"wp:attachment":[{"href":"https:\/\/cje-ndg.com\/fr\/wp-json\/wp\/v2\/media?parent=5108"}],"wp:term":[{"taxonomy":"category","embeddable":true,"href":"https:\/\/cje-ndg.com\/fr\/wp-json\/wp\/v2\/categories?post=5108"},{"taxonomy":"post_tag","embeddable":true,"href":"https:\/\/cje-ndg.com\/fr\/wp-json\/wp\/v2\/tags?post=5108"}],"curies":[{"name":"wp","href":"https:\/\/api.w.org\/{rel}","templated":true}]}}