{"id":5178,"date":"2022-11-11T10:37:56","date_gmt":"2022-11-11T15:37:56","guid":{"rendered":"https:\/\/cje-ndg.com\/?p=5178"},"modified":"2022-11-09T10:57:52","modified_gmt":"2022-11-09T15:57:52","slug":"lancement-de-la-journee-internationale-des-benevoles-du-5-decembre-prochain","status":"publish","type":"post","link":"https:\/\/cje-ndg.com\/fr\/lancement-de-la-journee-internationale-des-benevoles-du-5-decembre-prochain\/","title":{"rendered":"Lancement de la Journ\u00e9e Internationale des B\u00e9n\u00e9voles du 5 d\u00e9cembre prochain"},"content":{"rendered":"<p><img loading=\"lazy\" decoding=\"async\" class=\" wp-image-5179\" src=\"https:\/\/cje-ndg.com\/wp-content\/uploads\/2022\/11\/unnamed-300x168.jpg\" alt=\"\" width=\"387\" height=\"217\" srcset=\"https:\/\/cje-ndg.com\/wp-content\/uploads\/2022\/11\/unnamed-300x168.jpg 300w, https:\/\/cje-ndg.com\/wp-content\/uploads\/2022\/11\/unnamed-1024x575.jpg 1024w, https:\/\/cje-ndg.com\/wp-content\/uploads\/2022\/11\/unnamed-768x431.jpg 768w, https:\/\/cje-ndg.com\/wp-content\/uploads\/2022\/11\/unnamed-1536x862.jpg 1536w, https:\/\/cje-ndg.com\/wp-content\/uploads\/2022\/11\/unnamed-2048x1149.jpg 2048w, https:\/\/cje-ndg.com\/wp-content\/uploads\/2022\/11\/unnamed-18x10.jpg 18w, https:\/\/cje-ndg.com\/wp-content\/uploads\/2022\/11\/unnamed-480x269.jpg 480w, https:\/\/cje-ndg.com\/wp-content\/uploads\/2022\/11\/unnamed-640x359.jpg 640w, https:\/\/cje-ndg.com\/wp-content\/uploads\/2022\/11\/unnamed-720x404.jpg 720w, https:\/\/cje-ndg.com\/wp-content\/uploads\/2022\/11\/unnamed-960x539.jpg 960w, https:\/\/cje-ndg.com\/wp-content\/uploads\/2022\/11\/unnamed-1168x656.jpg 1168w, https:\/\/cje-ndg.com\/wp-content\/uploads\/2022\/11\/unnamed-1440x808.jpg 1440w, https:\/\/cje-ndg.com\/wp-content\/uploads\/2022\/11\/unnamed-1920x1078.jpg 1920w, https:\/\/cje-ndg.com\/wp-content\/uploads\/2022\/11\/unnamed-1320x741.jpg 1320w, https:\/\/cje-ndg.com\/wp-content\/uploads\/2022\/11\/unnamed-scaled.jpg 2560w\" sizes=\"auto, (max-width: 387px) 100vw, 387px\" \/><\/p>\n<p>C\u2019est avec un grand honneur et bonheur que le R\u00e9seau de l\u2019action b\u00e9n\u00e9vole du Qu\u00e9bec (RABQ) vous annonce le lancement de la 37e \u00e9dition de la Journ\u00e9e internationale des b\u00e9n\u00e9voles qui aura lieu le 5 d\u00e9cembre 2022 sous le th\u00e8me : Merci aux b\u00e9n\u00e9voles de cr\u00e9er des liens dans la collectivit\u00e9.<\/p>\n<p>De plus, cette ann\u00e9e, le RABQ est soutenu par deux partenaires de diffusion (Hydro-Qu\u00e9bec et l\u2019Union des Municipalit\u00e9s (UMQ)) afin de souligner cette journ\u00e9e et rendre hommage aux b\u00e9n\u00e9voles.<\/p>\n<p>Fort de sa mission rassembleuse, et dans le but ultime de mettre en \u00e9vidence la place significative des b\u00e9n\u00e9voles le RABQ pr\u00e9sente les initiatives suivantes d\u00e9ploy\u00e9es pour la Journ\u00e9e Internationale des B\u00e9n\u00e9voles du 5 d\u00e9cembre prochain<\/p>\n<ol role=\"list\" start=\"1\">\n<li role=\"listitem\" aria-setsize=\"-1\">La section sp\u00e9ciale de notre site Web qui est d\u00e9di\u00e9e \u00e0 la Journ\u00e9e Internationale des B\u00e9n\u00e9voles ainsi que sur nos r\u00e9seaux sociaux (Facebook, LinkedIn, Tweeter);<\/li>\n<\/ol>\n<ol role=\"list\" start=\"2\">\n<li role=\"listitem\" aria-setsize=\"-1\">La capsule vid\u00e9o anim\u00e9e de 15 secondes;<\/li>\n<\/ol>\n<ol role=\"list\" start=\"3\">\n<li role=\"listitem\" aria-setsize=\"-1\">L\u2019affiche de la journ\u00e9e, la trousse \u00e9ditable (une dizaine de formats) et la carte postale personnalisable qui sont disponibles sur notre site web;<\/li>\n<\/ol>\n<ol role=\"list\" start=\"4\">\n<li role=\"listitem\" aria-setsize=\"-1\">Une campagne de diffusion avec Radio-Canada et T\u00e9l\u00e9-Qu\u00e9bec, mais aussi avec les m\u00e9dias communautaires du Qu\u00e9bec (Association des m\u00e9dias \u00e9crits communautaires du Qu\u00e9bec, Association des radios communautaires du Qu\u00e9bec et la F\u00e9d\u00e9ration des t\u00e9l\u00e9visions communautaires autonomes du Qu\u00e9bec);<\/li>\n<li role=\"listitem\" aria-setsize=\"-1\">Une association avec l\u2019UMQ pour l\u2019illumination d\u2019un grand nombre d\u2019h\u00f4tels de ville partout au Qu\u00e9bec;<\/li>\n<li role=\"listitem\" aria-setsize=\"-1\">Un concours de photos, ouvert \u00e0 toutes et \u00e0 tous. Les participants courent la chance de gagner un prix d\u2019une valeur de 500 $;<\/li>\n<\/ol>\n<ol role=\"list\" start=\"7\">\n<li role=\"listitem\" aria-setsize=\"-1\">Une rencontre virtuelle, le 5 d\u00e9cembre prochain, avec les membres du RABQ et leurs membres.<\/li>\n<\/ol>\n<p>L\u2019ensemble des initiatives, en lien avec la Journ\u00e9e Internationale des B\u00e9n\u00e9voles, peuvent \u00eatre consult\u00e9es au : <a href=\"https:\/\/rabq.us7.list-manage.com\/track\/click?u=b3bfd7a0a49bbd7958b92d21b&amp;id=497d54974e&amp;e=65fe0b9c65\" target=\"_blank\" rel=\"noreferrer noopener\" data-saferedirecturl=\"https:\/\/www.google.com\/url?q=https:\/\/rabq.us7.list-manage.com\/track\/click?u%3Db3bfd7a0a49bbd7958b92d21b%26id%3D497d54974e%26e%3D65fe0b9c65&amp;source=gmail&amp;ust=1668031621496000&amp;usg=AOvVaw2-3cKpENWJ7Us3u4vpqU7W\">rabq.ca\/5decembre<\/a>.<\/p>\n<p>Les organismes qui souhaitent remercier les b\u00e9n\u00e9voles, sont fortement invit\u00e9s \u00e0 disposer de nos outils librement et de les partager.<\/p>\n<p><strong>\u00c0 propos du R\u00e9seau de l\u2019Action B\u00e9n\u00e9vole (RABQ)<\/strong><\/p>\n<p>Le RABQ est l\u2019interlocuteur privil\u00e9gi\u00e9 du gouvernement du Qu\u00e9bec en mati\u00e8re d\u2019action b\u00e9n\u00e9vole. Il est le porte-parole de ses 36 membres, organismes provinciaux ou regroupements d\u2019organismes impliqu\u00e9s dans les multiples secteurs de l\u2019action b\u00e9n\u00e9vole. Cela repr\u00e9sente plus de 7000 organismes et plus de 1,6 million de b\u00e9n\u00e9voles. Les activit\u00e9s men\u00e9es par le RABQ visent la promotion et la valorisation du b\u00e9n\u00e9volat, ainsi que le d\u00e9veloppement de modules de formation et d\u2019outils destin\u00e9s aux gestionnaires de b\u00e9n\u00e9voles.<\/p>\n<p><strong>Renseignements<\/strong> : Pour obtenir plus d&#8217;informations, veuillez contacter Mme Isabelle Trudeau \u00e0\u202f: <a href=\"mailto:formation@rabq.ca\" target=\"_blank\" rel=\"noreferrer noopener\">formation@rabq.ca<\/a>.<\/p>\n","protected":false},"excerpt":{"rendered":"<p>C\u2019est avec un grand honneur et bonheur que le R\u00e9seau de l\u2019action b\u00e9n\u00e9vole du Qu\u00e9bec (RABQ) vous annonce le lancement de la 37e \u00e9dition de la Journ\u00e9e internationale des b\u00e9n\u00e9voles [&hellip;]<\/p>\n","protected":false},"author":43,"featured_media":5181,"comment_status":"open","ping_status":"open","sticky":false,"template":"","format":"standard","meta":{"_acf_changed":false,"_uf_show_specific_survey":0,"_uf_disable_surveys":false,"_EventAllDay":false,"_EventTimezone":"","_EventStartDate":"","_EventEndDate":"","_EventStartDateUTC":"","_EventEndDateUTC":"","_EventShowMap":false,"_EventShowMapLink":false,"_EventURL":"","_EventCost":"","_EventCostDescription":"","_EventCurrencySymbol":"","_EventCurrencyCode":"","_EventCurrencyPosition":"","_EventDateTimeSeparator":"","_EventTimeRangeSeparator":"","_EventOrganizerID":[],"_EventVenueID":[],"_OrganizerEmail":"","_OrganizerPhone":"","_OrganizerWebsite":"","_VenueAddress":"","_VenueCity":"","_VenueCountry":"","_VenueProvince":"","_VenueState":"","_VenueZip":"","_VenuePhone":"","_VenueURL":"","_VenueStateProvince":"","_VenueLat":"","_VenueLng":"","_VenueShowMap":false,"_VenueShowMapLink":false,"footnotes":""},"categories":[5],"tags":[],"class_list":["post-5178","post","type-post","status-publish","format-standard","has-post-thumbnail","hentry","category-nouvelles"],"acf":[],"meta_box":[],"_links":{"self":[{"href":"https:\/\/cje-ndg.com\/fr\/wp-json\/wp\/v2\/posts\/5178","targetHints":{"allow":["GET"]}}],"collection":[{"href":"https:\/\/cje-ndg.com\/fr\/wp-json\/wp\/v2\/posts"}],"about":[{"href":"https:\/\/cje-ndg.com\/fr\/wp-json\/wp\/v2\/types\/post"}],"author":[{"embeddable":true,"href":"https:\/\/cje-ndg.com\/fr\/wp-json\/wp\/v2\/users\/43"}],"replies":[{"embeddable":true,"href":"https:\/\/cje-ndg.com\/fr\/wp-json\/wp\/v2\/comments?post=5178"}],"version-history":[{"count":0,"href":"https:\/\/cje-ndg.com\/fr\/wp-json\/wp\/v2\/posts\/5178\/revisions"}],"wp:featuredmedia":[{"embeddable":true,"href":"https:\/\/cje-ndg.com\/fr\/wp-json\/wp\/v2\/media\/5181"}],"wp:attachment":[{"href":"https:\/\/cje-ndg.com\/fr\/wp-json\/wp\/v2\/media?parent=5178"}],"wp:term":[{"taxonomy":"category","embeddable":true,"href":"https:\/\/cje-ndg.com\/fr\/wp-json\/wp\/v2\/categories?post=5178"},{"taxonomy":"post_tag","embeddable":true,"href":"https:\/\/cje-ndg.com\/fr\/wp-json\/wp\/v2\/tags?post=5178"}],"curies":[{"name":"wp","href":"https:\/\/api.w.org\/{rel}","templated":true}]}}