{"id":5239,"date":"2022-11-23T10:00:54","date_gmt":"2022-11-23T15:00:54","guid":{"rendered":"https:\/\/cje-ndg.com\/?p=5239"},"modified":"2022-11-21T15:08:15","modified_gmt":"2022-11-21T20:08:15","slug":"invitation-au-5-a-7-de-noel-dhorizon-carriere","status":"publish","type":"post","link":"https:\/\/cje-ndg.com\/fr\/invitation-au-5-a-7-de-noel-dhorizon-carriere\/","title":{"rendered":"Invitation au 5 \u00e0 7 de No\u00ebl D&#8217;horizon Carri\u00e8re"},"content":{"rendered":"<h2 id=\":175\" class=\"hP\" tabindex=\"-1\" data-thread-perm-id=\"thread-f:1749849903015255649\" data-legacy-thread-id=\"1848b7373779de61\">Invitation au 5 \u00e0 7 de No\u00ebl D&#8217;horizon Carri\u00e8re<\/h2>\n<p>Horizon Carri\u00e8re Carrefour jeunesse-emploi Viger \/ Jeanne-Mance vous invite<br \/>\n\u00e0 son traditionnel \u00ab 5 \u00e0 7 \u00bb qui aura lieu le mercredi 7 d\u00e9cembre 2022.<br \/>\nB\u00e9n\u00e9voles, clients, partenaires et employ\u00e9s se r\u00e9uniront pour partager un buffet<br \/>\net c\u00e9l\u00e9brer cette soir\u00e9e en toute simplicit\u00e9.<br \/>\nC\u2019est un rendez-vous au 5960, rue Jean-Talon Est,<br \/>\nbureau 308 \u00e0 Saint\u2011L\u00e9onard \u00e0 compter de 17 heures.<br \/>\nN\u2019oubliez pas de r\u00e9server avant le 2 d\u00e9cembre :<br \/>\nCourriel : info@horizoncarriere.ca<br \/>\nT\u00e9l\u00e9phone :514 256-1645<\/p>\n<p><a href=\"https:\/\/cje-ndg.com\/wp-content\/uploads\/2022\/11\/Invitation-5-@-7-de-noel-2022.pdf\">Invitation 5 @ 7 de no\u00ebl 2022<\/a><\/p>\n","protected":false},"excerpt":{"rendered":"<p>Invitation au 5 \u00e0 7 de No\u00ebl D&#8217;horizon Carri\u00e8re Horizon Carri\u00e8re Carrefour jeunesse-emploi Viger \/ Jeanne-Mance vous invite \u00e0 son traditionnel \u00ab 5 \u00e0 7 \u00bb qui aura lieu le [&hellip;]<\/p>\n","protected":false},"author":43,"featured_media":5242,"comment_status":"open","ping_status":"open","sticky":false,"template":"","format":"standard","meta":{"_acf_changed":false,"_uf_show_specific_survey":0,"_uf_disable_surveys":false,"_EventAllDay":false,"_EventTimezone":"","_EventStartDate":"","_EventEndDate":"","_EventStartDateUTC":"","_EventEndDateUTC":"","_EventShowMap":false,"_EventShowMapLink":false,"_EventURL":"","_EventCost":"","_EventCostDescription":"","_EventCurrencySymbol":"","_EventCurrencyCode":"","_EventCurrencyPosition":"","_EventDateTimeSeparator":"","_EventTimeRangeSeparator":"","_EventOrganizerID":[],"_EventVenueID":[],"_OrganizerEmail":"","_OrganizerPhone":"","_OrganizerWebsite":"","_VenueAddress":"","_VenueCity":"","_VenueCountry":"","_VenueProvince":"","_VenueState":"","_VenueZip":"","_VenuePhone":"","_VenueURL":"","_VenueStateProvince":"","_VenueLat":"","_VenueLng":"","_VenueShowMap":false,"_VenueShowMapLink":false,"footnotes":""},"categories":[5],"tags":[],"class_list":["post-5239","post","type-post","status-publish","format-standard","has-post-thumbnail","hentry","category-nouvelles"],"acf":[],"meta_box":[],"_links":{"self":[{"href":"https:\/\/cje-ndg.com\/fr\/wp-json\/wp\/v2\/posts\/5239","targetHints":{"allow":["GET"]}}],"collection":[{"href":"https:\/\/cje-ndg.com\/fr\/wp-json\/wp\/v2\/posts"}],"about":[{"href":"https:\/\/cje-ndg.com\/fr\/wp-json\/wp\/v2\/types\/post"}],"author":[{"embeddable":true,"href":"https:\/\/cje-ndg.com\/fr\/wp-json\/wp\/v2\/users\/43"}],"replies":[{"embeddable":true,"href":"https:\/\/cje-ndg.com\/fr\/wp-json\/wp\/v2\/comments?post=5239"}],"version-history":[{"count":0,"href":"https:\/\/cje-ndg.com\/fr\/wp-json\/wp\/v2\/posts\/5239\/revisions"}],"wp:featuredmedia":[{"embeddable":true,"href":"https:\/\/cje-ndg.com\/fr\/wp-json\/wp\/v2\/media\/5242"}],"wp:attachment":[{"href":"https:\/\/cje-ndg.com\/fr\/wp-json\/wp\/v2\/media?parent=5239"}],"wp:term":[{"taxonomy":"category","embeddable":true,"href":"https:\/\/cje-ndg.com\/fr\/wp-json\/wp\/v2\/categories?post=5239"},{"taxonomy":"post_tag","embeddable":true,"href":"https:\/\/cje-ndg.com\/fr\/wp-json\/wp\/v2\/tags?post=5239"}],"curies":[{"name":"wp","href":"https:\/\/api.w.org\/{rel}","templated":true}]}}