{"id":5358,"date":"2022-12-20T13:59:31","date_gmt":"2022-12-20T18:59:31","guid":{"rendered":"https:\/\/cje-ndg.com\/?p=5358"},"modified":"2022-12-20T13:59:31","modified_gmt":"2022-12-20T18:59:31","slug":"formation-mecanique-de-velos","status":"publish","type":"post","link":"https:\/\/cje-ndg.com\/fr\/formation-mecanique-de-velos\/","title":{"rendered":"FORMATION M\u00c9CANIQUE DE V\u00c9LOS\u00a0"},"content":{"rendered":"<p><strong>FORMATION M\u00c9CANIQUE DE V\u00c9LOS\u00a0<\/strong><\/p>\n<p><strong>DUR\u00c9E\u00a0:\u00a06 F\u00c9VRIER AU 30 JUIN 2023<\/strong><\/p>\n<p><strong>STAGE\u00a0:\u00a0LA FORMATION COMPTE UN STAGE R\u00c9MUN\u00c9R\u00c9 DE 305H\u00a0<\/strong><\/p>\n<p><strong>FINANCEMENT\u00a0:\u00a0FINANCEMENT DISPONIBLE VIA LES PROGRAMMES DE SERVICES QU\u00c9BEC<\/strong><\/p>\n<p>Le carrefour jeunesse-emploi du Sud-Ouest est \u00e0 la recherche d\u2019\u00e9tudiants pour la formation m\u00e9canique de v\u00e9los. Cette attestation d\u2019\u00e9tudes professionnelles (AEP) permettra de former les futures m\u00e9caniciennes et m\u00e9caniciens de v\u00e9los.<\/p>\n<p>Le programme vise \u00e0 la ma\u00eetrise de l\u2019entretien, de l\u2019\u00e9valuation m\u00e9canique, de la r\u00e9paration et de l\u2019assemblage de v\u00e9los, en plus des t\u00e2ches connexes comme la commande des pi\u00e8ces ou la relation \u00e0 la client\u00e8le.<\/p>\n<p>Cette formation se donne en alternance travail-\u00e9tudes. Les \u00e9tudiants seront r\u00e9mun\u00e9r\u00e9s durant les 305 heures de stage et ils auront \u00e9galement une possibilit\u00e9 d\u2019aide financi\u00e8re pour leurs heures de formation.<\/p>\n<p>Vous connaissez des personnes passionn\u00e9es par le v\u00e9lo ou qui ont un int\u00e9r\u00eat pour la m\u00e9canique?<strong>\u00a0<\/strong>Elles peuvent\u00a0<strong>contacter le CJESO<\/strong>, au\u00a0<strong>514 934-2242, poste 436<\/strong>\u00a0ou\u00a0<a href=\"mailto:joannie@cjeso-mtl.org\"><strong>joannie@cjeso-mtl.org<\/strong><\/a>.<\/p>\n<p><strong>Pour plus d\u2019informations:\u00a0<\/strong>Consulter notre\u00a0<a href=\"https:\/\/www.cjeso-mtl.org\/mecanique-de-velos\/\" data-saferedirecturl=\"https:\/\/www.google.com\/url?q=https:\/\/www.cjeso-mtl.org\/mecanique-de-velos\/&amp;source=gmail&amp;ust=1671648808892000&amp;usg=AOvVaw3ZA-mr9X61_mmKzaGSQMEg\">site web<\/a>.<\/p>\n","protected":false},"excerpt":{"rendered":"<p>FORMATION M\u00c9CANIQUE DE V\u00c9LOS\u00a0 DUR\u00c9E\u00a0:\u00a06 F\u00c9VRIER AU 30 JUIN 2023 STAGE\u00a0:\u00a0LA FORMATION COMPTE UN STAGE R\u00c9MUN\u00c9R\u00c9 DE 305H\u00a0 FINANCEMENT\u00a0:\u00a0FINANCEMENT DISPONIBLE VIA LES PROGRAMMES DE SERVICES QU\u00c9BEC Le carrefour jeunesse-emploi du [&hellip;]<\/p>\n","protected":false},"author":43,"featured_media":5359,"comment_status":"open","ping_status":"open","sticky":false,"template":"","format":"standard","meta":{"_acf_changed":false,"_uf_show_specific_survey":0,"_uf_disable_surveys":false,"_EventAllDay":false,"_EventTimezone":"","_EventStartDate":"","_EventEndDate":"","_EventStartDateUTC":"","_EventEndDateUTC":"","_EventShowMap":false,"_EventShowMapLink":false,"_EventURL":"","_EventCost":"","_EventCostDescription":"","_EventCurrencySymbol":"","_EventCurrencyCode":"","_EventCurrencyPosition":"","_EventDateTimeSeparator":"","_EventTimeRangeSeparator":"","_EventOrganizerID":[],"_EventVenueID":[],"_OrganizerEmail":"","_OrganizerPhone":"","_OrganizerWebsite":"","_VenueAddress":"","_VenueCity":"","_VenueCountry":"","_VenueProvince":"","_VenueState":"","_VenueZip":"","_VenuePhone":"","_VenueURL":"","_VenueStateProvince":"","_VenueLat":"","_VenueLng":"","_VenueShowMap":false,"_VenueShowMapLink":false,"footnotes":""},"categories":[5],"tags":[],"class_list":["post-5358","post","type-post","status-publish","format-standard","has-post-thumbnail","hentry","category-nouvelles"],"acf":[],"meta_box":[],"_links":{"self":[{"href":"https:\/\/cje-ndg.com\/fr\/wp-json\/wp\/v2\/posts\/5358","targetHints":{"allow":["GET"]}}],"collection":[{"href":"https:\/\/cje-ndg.com\/fr\/wp-json\/wp\/v2\/posts"}],"about":[{"href":"https:\/\/cje-ndg.com\/fr\/wp-json\/wp\/v2\/types\/post"}],"author":[{"embeddable":true,"href":"https:\/\/cje-ndg.com\/fr\/wp-json\/wp\/v2\/users\/43"}],"replies":[{"embeddable":true,"href":"https:\/\/cje-ndg.com\/fr\/wp-json\/wp\/v2\/comments?post=5358"}],"version-history":[{"count":0,"href":"https:\/\/cje-ndg.com\/fr\/wp-json\/wp\/v2\/posts\/5358\/revisions"}],"wp:featuredmedia":[{"embeddable":true,"href":"https:\/\/cje-ndg.com\/fr\/wp-json\/wp\/v2\/media\/5359"}],"wp:attachment":[{"href":"https:\/\/cje-ndg.com\/fr\/wp-json\/wp\/v2\/media?parent=5358"}],"wp:term":[{"taxonomy":"category","embeddable":true,"href":"https:\/\/cje-ndg.com\/fr\/wp-json\/wp\/v2\/categories?post=5358"},{"taxonomy":"post_tag","embeddable":true,"href":"https:\/\/cje-ndg.com\/fr\/wp-json\/wp\/v2\/tags?post=5358"}],"curies":[{"name":"wp","href":"https:\/\/api.w.org\/{rel}","templated":true}]}}