{"id":5427,"date":"2023-01-18T11:54:31","date_gmt":"2023-01-18T16:54:31","guid":{"rendered":"https:\/\/cje-ndg.com\/?p=5427"},"modified":"2023-01-18T15:41:39","modified_gmt":"2023-01-18T20:41:39","slug":"portes-ouvertes-cfp-de-neufchatel-fev-2023","status":"publish","type":"post","link":"https:\/\/cje-ndg.com\/fr\/portes-ouvertes-cfp-de-neufchatel-fev-2023\/","title":{"rendered":"Portes ouvertes CFP de Neufch\u00e2tel F\u00c9V-2023"},"content":{"rendered":"<p>Le Centre de formation professionnelle de Neufch\u00e2tel est un environnement moderne et dynamique. Tu seras accompagn\u00e9 tout au long de ton projet par un personnel comp\u00e9tent, engag\u00e9 et d\u00e9vou\u00e9, <strong>peu importe ta personnalit\u00e9!<\/strong><\/p>\n<p><img loading=\"lazy\" decoding=\"async\" class=\"alignnone size-medium wp-image-5428\" src=\"https:\/\/cje-ndg.com\/wp-content\/uploads\/2023\/01\/Portes-ouvertes-fevrier-2023-300x169.png\" alt=\"\" width=\"300\" height=\"169\" srcset=\"https:\/\/cje-ndg.com\/wp-content\/uploads\/2023\/01\/Portes-ouvertes-fevrier-2023-300x169.png 300w, https:\/\/cje-ndg.com\/wp-content\/uploads\/2023\/01\/Portes-ouvertes-fevrier-2023-1024x576.png 1024w, https:\/\/cje-ndg.com\/wp-content\/uploads\/2023\/01\/Portes-ouvertes-fevrier-2023-768x432.png 768w, https:\/\/cje-ndg.com\/wp-content\/uploads\/2023\/01\/Portes-ouvertes-fevrier-2023-1536x864.png 1536w, https:\/\/cje-ndg.com\/wp-content\/uploads\/2023\/01\/Portes-ouvertes-fevrier-2023-18x10.png 18w, https:\/\/cje-ndg.com\/wp-content\/uploads\/2023\/01\/Portes-ouvertes-fevrier-2023-480x270.png 480w, https:\/\/cje-ndg.com\/wp-content\/uploads\/2023\/01\/Portes-ouvertes-fevrier-2023-640x360.png 640w, https:\/\/cje-ndg.com\/wp-content\/uploads\/2023\/01\/Portes-ouvertes-fevrier-2023-720x405.png 720w, https:\/\/cje-ndg.com\/wp-content\/uploads\/2023\/01\/Portes-ouvertes-fevrier-2023-960x540.png 960w, https:\/\/cje-ndg.com\/wp-content\/uploads\/2023\/01\/Portes-ouvertes-fevrier-2023-1168x657.png 1168w, https:\/\/cje-ndg.com\/wp-content\/uploads\/2023\/01\/Portes-ouvertes-fevrier-2023-1440x810.png 1440w, https:\/\/cje-ndg.com\/wp-content\/uploads\/2023\/01\/Portes-ouvertes-fevrier-2023-1320x743.png 1320w, https:\/\/cje-ndg.com\/wp-content\/uploads\/2023\/01\/Portes-ouvertes-fevrier-2023.png 1920w\" sizes=\"auto, (max-width: 300px) 100vw, 300px\" \/><\/p>\n<div class=\"article__header  container-md\">\n<div class=\"row content alignCenter px-1 mb-4 mb-md-4 mb-xl-6\">\n<div class=\"page__intro col-12\">\n<p class=\"title-2 color-marine mb-1 \">Portes ouvertes | Hiver 2023<br \/>\nConfirmez votre choix de programme et impr\u00e9gnez-vous de l\u2019ambiance unique du c\u00e9gep du Vieux Montr\u00e9al<\/p>\n<\/div>\n<\/div>\n<\/div>\n<p><img loading=\"lazy\" decoding=\"async\" class=\"alignnone size-medium wp-image-5432\" src=\"https:\/\/cje-ndg.com\/wp-content\/uploads\/2023\/01\/bandeau_PO_page_porteouvertes_desktop-1-300x61.jpg\" alt=\"\" width=\"300\" height=\"61\" srcset=\"https:\/\/cje-ndg.com\/wp-content\/uploads\/2023\/01\/bandeau_PO_page_porteouvertes_desktop-1-300x61.jpg 300w, https:\/\/cje-ndg.com\/wp-content\/uploads\/2023\/01\/bandeau_PO_page_porteouvertes_desktop-1-768x157.jpg 768w, https:\/\/cje-ndg.com\/wp-content\/uploads\/2023\/01\/bandeau_PO_page_porteouvertes_desktop-1-18x4.jpg 18w, https:\/\/cje-ndg.com\/wp-content\/uploads\/2023\/01\/bandeau_PO_page_porteouvertes_desktop-1-480x98.jpg 480w, https:\/\/cje-ndg.com\/wp-content\/uploads\/2023\/01\/bandeau_PO_page_porteouvertes_desktop-1-640x131.jpg 640w, https:\/\/cje-ndg.com\/wp-content\/uploads\/2023\/01\/bandeau_PO_page_porteouvertes_desktop-1-720x148.jpg 720w, https:\/\/cje-ndg.com\/wp-content\/uploads\/2023\/01\/bandeau_PO_page_porteouvertes_desktop-1.jpg 805w\" sizes=\"auto, (max-width: 300px) 100vw, 300px\" \/><\/p>\n<blockquote class=\"wp-embedded-content\" data-secret=\"CeSS9k64lB\"><p><a href=\"https:\/\/cfpn.cssc.gouv.qc.ca\/\">Accueil<\/a><\/p><\/blockquote>\n<p><iframe loading=\"lazy\" class=\"wp-embedded-content\" sandbox=\"allow-scripts\" security=\"restricted\" style=\"position: absolute; clip: rect(1px, 1px, 1px, 1px);\" title=\"\u00ab\u00a0Accueil\u00a0\u00bb &#8212; CFP-Neufchatel\" src=\"https:\/\/cfpn.cssc.gouv.qc.ca\/embed\/#?secret=O1tHbZwyDL#?secret=CeSS9k64lB\" data-secret=\"CeSS9k64lB\" width=\"500\" height=\"282\" frameborder=\"0\" marginwidth=\"0\" marginheight=\"0\" scrolling=\"no\"><\/iframe><\/p>\n","protected":false},"excerpt":{"rendered":"<p>Le Centre de formation professionnelle de Neufch\u00e2tel est un environnement moderne et dynamique. Tu seras accompagn\u00e9 tout au long de ton projet par un personnel comp\u00e9tent, engag\u00e9 et d\u00e9vou\u00e9, peu [&hellip;]<\/p>\n","protected":false},"author":43,"featured_media":5429,"comment_status":"open","ping_status":"open","sticky":false,"template":"","format":"standard","meta":{"_acf_changed":false,"_uf_show_specific_survey":0,"_uf_disable_surveys":false,"_EventAllDay":false,"_EventTimezone":"","_EventStartDate":"","_EventEndDate":"","_EventStartDateUTC":"","_EventEndDateUTC":"","_EventShowMap":false,"_EventShowMapLink":false,"_EventURL":"","_EventCost":"","_EventCostDescription":"","_EventCurrencySymbol":"","_EventCurrencyCode":"","_EventCurrencyPosition":"","_EventDateTimeSeparator":"","_EventTimeRangeSeparator":"","_EventOrganizerID":[],"_EventVenueID":[],"_OrganizerEmail":"","_OrganizerPhone":"","_OrganizerWebsite":"","_VenueAddress":"","_VenueCity":"","_VenueCountry":"","_VenueProvince":"","_VenueState":"","_VenueZip":"","_VenuePhone":"","_VenueURL":"","_VenueStateProvince":"","_VenueLat":"","_VenueLng":"","_VenueShowMap":false,"_VenueShowMapLink":false,"footnotes":""},"categories":[5],"tags":[],"class_list":["post-5427","post","type-post","status-publish","format-standard","has-post-thumbnail","hentry","category-nouvelles"],"acf":[],"meta_box":[],"_links":{"self":[{"href":"https:\/\/cje-ndg.com\/fr\/wp-json\/wp\/v2\/posts\/5427","targetHints":{"allow":["GET"]}}],"collection":[{"href":"https:\/\/cje-ndg.com\/fr\/wp-json\/wp\/v2\/posts"}],"about":[{"href":"https:\/\/cje-ndg.com\/fr\/wp-json\/wp\/v2\/types\/post"}],"author":[{"embeddable":true,"href":"https:\/\/cje-ndg.com\/fr\/wp-json\/wp\/v2\/users\/43"}],"replies":[{"embeddable":true,"href":"https:\/\/cje-ndg.com\/fr\/wp-json\/wp\/v2\/comments?post=5427"}],"version-history":[{"count":0,"href":"https:\/\/cje-ndg.com\/fr\/wp-json\/wp\/v2\/posts\/5427\/revisions"}],"wp:featuredmedia":[{"embeddable":true,"href":"https:\/\/cje-ndg.com\/fr\/wp-json\/wp\/v2\/media\/5429"}],"wp:attachment":[{"href":"https:\/\/cje-ndg.com\/fr\/wp-json\/wp\/v2\/media?parent=5427"}],"wp:term":[{"taxonomy":"category","embeddable":true,"href":"https:\/\/cje-ndg.com\/fr\/wp-json\/wp\/v2\/categories?post=5427"},{"taxonomy":"post_tag","embeddable":true,"href":"https:\/\/cje-ndg.com\/fr\/wp-json\/wp\/v2\/tags?post=5427"}],"curies":[{"name":"wp","href":"https:\/\/api.w.org\/{rel}","templated":true}]}}