{"id":5602,"date":"2023-03-29T10:00:42","date_gmt":"2023-03-29T14:00:42","guid":{"rendered":"https:\/\/cje-ndg.com\/?p=5602"},"modified":"2023-03-28T10:58:19","modified_gmt":"2023-03-28T14:58:19","slug":"nouvelle-formation-en-sante-et-services-sociaux","status":"publish","type":"post","link":"https:\/\/cje-ndg.com\/fr\/nouvelle-formation-en-sante-et-services-sociaux\/","title":{"rendered":"Nouvelle formation en sant\u00e9 et services sociaux"},"content":{"rendered":"<div class=\"introduction-strate-comparative\">\n<h2>Une formation bifacultaire ax\u00e9e sur l\u2019interprofessionnalit\u00e9 en canc\u00e9rologie<\/h2>\n<p>La formule d\u2019enseignement \u00e0 distance permet aux personnes de toutes les r\u00e9gions du Qu\u00e9bec d&#8217;avoir acc\u00e8s \u00e0 une formation sp\u00e9cialis\u00e9e dans le domaine.<\/p>\n<p>Au terme de ce microprogramme, vous comprendrez mieux les enjeux reli\u00e9s \u00e0 la canc\u00e9rologie selon votre domaine de pratique professionnelle. Vous am\u00e9liorerez ainsi\u00a0les soins fournis aux personnes adultes atteintes de cancer.<\/p>\n<p>Ce programme est offert conjointement par les Facult\u00e9s de m\u00e9decine et des sciences infirmi\u00e8res.<\/p>\n<p>Pour plus de d\u00e9tails, contactez <a href=\"https:\/\/www.fsi.ulaval.ca\/etudes\/microprogramme-cancerologie?utm_campaign=fc_infolettre2023&amp;utm_medium=email&amp;utm_source=dialoginsight&amp;utm_content=parution_03\">ici<\/a><\/p>\n<\/div>\n","protected":false},"excerpt":{"rendered":"<p>Une formation bifacultaire ax\u00e9e sur l\u2019interprofessionnalit\u00e9 en canc\u00e9rologie La formule d\u2019enseignement \u00e0 distance permet aux personnes de toutes les r\u00e9gions du Qu\u00e9bec d&#8217;avoir acc\u00e8s \u00e0 une formation sp\u00e9cialis\u00e9e dans le [&hellip;]<\/p>\n","protected":false},"author":43,"featured_media":5603,"comment_status":"open","ping_status":"open","sticky":false,"template":"","format":"standard","meta":{"_acf_changed":false,"_uf_show_specific_survey":0,"_uf_disable_surveys":false,"_EventAllDay":false,"_EventTimezone":"","_EventStartDate":"","_EventEndDate":"","_EventStartDateUTC":"","_EventEndDateUTC":"","_EventShowMap":false,"_EventShowMapLink":false,"_EventURL":"","_EventCost":"","_EventCostDescription":"","_EventCurrencySymbol":"","_EventCurrencyCode":"","_EventCurrencyPosition":"","_EventDateTimeSeparator":"","_EventTimeRangeSeparator":"","_EventOrganizerID":[],"_EventVenueID":[],"_OrganizerEmail":"","_OrganizerPhone":"","_OrganizerWebsite":"","_VenueAddress":"","_VenueCity":"","_VenueCountry":"","_VenueProvince":"","_VenueState":"","_VenueZip":"","_VenuePhone":"","_VenueURL":"","_VenueStateProvince":"","_VenueLat":"","_VenueLng":"","_VenueShowMap":false,"_VenueShowMapLink":false,"footnotes":""},"categories":[5],"tags":[],"class_list":["post-5602","post","type-post","status-publish","format-standard","has-post-thumbnail","hentry","category-nouvelles"],"acf":[],"meta_box":[],"_links":{"self":[{"href":"https:\/\/cje-ndg.com\/fr\/wp-json\/wp\/v2\/posts\/5602","targetHints":{"allow":["GET"]}}],"collection":[{"href":"https:\/\/cje-ndg.com\/fr\/wp-json\/wp\/v2\/posts"}],"about":[{"href":"https:\/\/cje-ndg.com\/fr\/wp-json\/wp\/v2\/types\/post"}],"author":[{"embeddable":true,"href":"https:\/\/cje-ndg.com\/fr\/wp-json\/wp\/v2\/users\/43"}],"replies":[{"embeddable":true,"href":"https:\/\/cje-ndg.com\/fr\/wp-json\/wp\/v2\/comments?post=5602"}],"version-history":[{"count":0,"href":"https:\/\/cje-ndg.com\/fr\/wp-json\/wp\/v2\/posts\/5602\/revisions"}],"wp:featuredmedia":[{"embeddable":true,"href":"https:\/\/cje-ndg.com\/fr\/wp-json\/wp\/v2\/media\/5603"}],"wp:attachment":[{"href":"https:\/\/cje-ndg.com\/fr\/wp-json\/wp\/v2\/media?parent=5602"}],"wp:term":[{"taxonomy":"category","embeddable":true,"href":"https:\/\/cje-ndg.com\/fr\/wp-json\/wp\/v2\/categories?post=5602"},{"taxonomy":"post_tag","embeddable":true,"href":"https:\/\/cje-ndg.com\/fr\/wp-json\/wp\/v2\/tags?post=5602"}],"curies":[{"name":"wp","href":"https:\/\/api.w.org\/{rel}","templated":true}]}}