{"id":5713,"date":"2023-04-25T15:11:03","date_gmt":"2023-04-25T19:11:03","guid":{"rendered":"https:\/\/cje-ndg.com\/?p=5713"},"modified":"2023-04-25T15:11:03","modified_gmt":"2023-04-25T19:11:03","slug":"lojiq-soutient-50-etudiant%c2%b7es-pour-des-missions-commerciales-a-linternational","status":"publish","type":"post","link":"https:\/\/cje-ndg.com\/fr\/lojiq-soutient-50-etudiant%c2%b7es-pour-des-missions-commerciales-a-linternational\/","title":{"rendered":"LOJIQ soutient 50 \u00e9tudiant\u00b7es pour des missions commerciales \u00e0 l\u2019international"},"content":{"rendered":"<p><strong>Jean-St\u00e9phane Bernard<\/strong>, PDG de LOJIQ, \u00e9tait pr\u00e9sent pour le lancement des missions commerciales de l\u2019<strong>Universit\u00e9 Laval<\/strong> auxquelles prendront part une cinquantaine d\u2019\u00e9tudiant\u00b7es, \u00a0qui se rendront soit aux \u00c9tats-Unis, en Inde, ou en Colombie. Certain\u00b7es participeront \u00e0 une mission de recrutement de talents au Maroc. Un soutien financier majeur de la part de LOJIQ qui aura un impact significatif sur les comp\u00e9tences personnelles et professionnelles de la rel\u00e8ve d\u2019affaires du Qu\u00e9bec.<\/p>\n<p><a href=\"https:\/\/www.lojiq.org\/lumiere-sur-nos-participants\/lojiq-soutient-50-etudiants-pour-des-missions-commerciales-a-linternational\/\">En savoir plus<\/a><\/p>\n","protected":false},"excerpt":{"rendered":"<p>Jean-St\u00e9phane Bernard, PDG de LOJIQ, \u00e9tait pr\u00e9sent pour le lancement des missions commerciales de l\u2019Universit\u00e9 Laval auxquelles prendront part une cinquantaine d\u2019\u00e9tudiant\u00b7es, \u00a0qui se rendront soit aux \u00c9tats-Unis, en Inde, [&hellip;]<\/p>\n","protected":false},"author":43,"featured_media":5714,"comment_status":"open","ping_status":"open","sticky":false,"template":"","format":"standard","meta":{"_acf_changed":false,"_uf_show_specific_survey":0,"_uf_disable_surveys":false,"_EventAllDay":false,"_EventTimezone":"","_EventStartDate":"","_EventEndDate":"","_EventStartDateUTC":"","_EventEndDateUTC":"","_EventShowMap":false,"_EventShowMapLink":false,"_EventURL":"","_EventCost":"","_EventCostDescription":"","_EventCurrencySymbol":"","_EventCurrencyCode":"","_EventCurrencyPosition":"","_EventDateTimeSeparator":"","_EventTimeRangeSeparator":"","_EventOrganizerID":[],"_EventVenueID":[],"_OrganizerEmail":"","_OrganizerPhone":"","_OrganizerWebsite":"","_VenueAddress":"","_VenueCity":"","_VenueCountry":"","_VenueProvince":"","_VenueState":"","_VenueZip":"","_VenuePhone":"","_VenueURL":"","_VenueStateProvince":"","_VenueLat":"","_VenueLng":"","_VenueShowMap":false,"_VenueShowMapLink":false,"footnotes":""},"categories":[5],"tags":[],"class_list":["post-5713","post","type-post","status-publish","format-standard","has-post-thumbnail","hentry","category-nouvelles"],"acf":[],"meta_box":[],"_links":{"self":[{"href":"https:\/\/cje-ndg.com\/fr\/wp-json\/wp\/v2\/posts\/5713","targetHints":{"allow":["GET"]}}],"collection":[{"href":"https:\/\/cje-ndg.com\/fr\/wp-json\/wp\/v2\/posts"}],"about":[{"href":"https:\/\/cje-ndg.com\/fr\/wp-json\/wp\/v2\/types\/post"}],"author":[{"embeddable":true,"href":"https:\/\/cje-ndg.com\/fr\/wp-json\/wp\/v2\/users\/43"}],"replies":[{"embeddable":true,"href":"https:\/\/cje-ndg.com\/fr\/wp-json\/wp\/v2\/comments?post=5713"}],"version-history":[{"count":0,"href":"https:\/\/cje-ndg.com\/fr\/wp-json\/wp\/v2\/posts\/5713\/revisions"}],"wp:featuredmedia":[{"embeddable":true,"href":"https:\/\/cje-ndg.com\/fr\/wp-json\/wp\/v2\/media\/5714"}],"wp:attachment":[{"href":"https:\/\/cje-ndg.com\/fr\/wp-json\/wp\/v2\/media?parent=5713"}],"wp:term":[{"taxonomy":"category","embeddable":true,"href":"https:\/\/cje-ndg.com\/fr\/wp-json\/wp\/v2\/categories?post=5713"},{"taxonomy":"post_tag","embeddable":true,"href":"https:\/\/cje-ndg.com\/fr\/wp-json\/wp\/v2\/tags?post=5713"}],"curies":[{"name":"wp","href":"https:\/\/api.w.org\/{rel}","templated":true}]}}