{"id":6559,"date":"2024-01-22T15:11:43","date_gmt":"2024-01-22T20:11:43","guid":{"rendered":"https:\/\/cje-ndg.com\/?p=6559"},"modified":"2024-01-22T15:11:43","modified_gmt":"2024-01-22T20:11:43","slug":"la-formation-entrepreneuriale-m%c2%b7e%c2%b7d%c2%b7i%c2%b7a-pole-entrepreneuriat-hec-montreal-est-de-retour-dans-un-format-bonifie-et-encore-plus-excitant","status":"publish","type":"post","link":"https:\/\/cje-ndg.com\/fr\/la-formation-entrepreneuriale-m%c2%b7e%c2%b7d%c2%b7i%c2%b7a-pole-entrepreneuriat-hec-montreal-est-de-retour-dans-un-format-bonifie-et-encore-plus-excitant\/","title":{"rendered":"La Formation entrepreneuriale M\u00b7\u00c9\u00b7D\u00b7I\u00b7A | P\u00f4le entrepreneuriat \u2013 HEC Montr\u00e9al est de retour dans un format bonifi\u00e9 et encore plus excitant !"},"content":{"rendered":"<h2><strong>Un parcours d\u2019apprentissage unique s\u2019ouvre aux producteur\u00b7trice\u00b7s autochtones, afro-descendant\u00b7e\u00b7s et racis\u00e9\u00b7e\u00b7s de l\u2019industrie audiovisuelle<\/strong><\/h2>\n<h3><strong>La Coalition M\u00b7\u00c9\u00b7D\u00b7I\u00b7A\u00b7 lance un appel de candidat<\/strong><strong style=\"font-size: 16px;\">ures !<\/strong><strong style=\"font-size: 16px;\"><img loading=\"lazy\" decoding=\"async\" class=\"size-medium wp-image-6560 alignleft\" src=\"https:\/\/cje-ndg.com\/wp-content\/uploads\/2024\/01\/1705431262350-450x450-1-300x300.jpeg\" alt=\"\" width=\"300\" height=\"300\" srcset=\"https:\/\/cje-ndg.com\/wp-content\/uploads\/2024\/01\/1705431262350-450x450-1-300x300.jpeg 300w, https:\/\/cje-ndg.com\/wp-content\/uploads\/2024\/01\/1705431262350-450x450-1-150x150.jpeg 150w, https:\/\/cje-ndg.com\/wp-content\/uploads\/2024\/01\/1705431262350-450x450-1-12x12.jpeg 12w, https:\/\/cje-ndg.com\/wp-content\/uploads\/2024\/01\/1705431262350-450x450-1.jpeg 450w\" sizes=\"auto, (max-width: 300px) 100vw, 300px\" \/><\/strong><\/h3>\n<p>La\u00a0<a href=\"https:\/\/raisondetremedia.us17.list-manage.com\/track\/click?u=3bce93eee4ab8c654d1c1915c&amp;id=d1001efdf4&amp;e=ff125e9213\" target=\"_blank\" rel=\"noopener\" data-saferedirecturl=\"https:\/\/www.google.com\/url?q=https:\/\/raisondetremedia.us17.list-manage.com\/track\/click?u%3D3bce93eee4ab8c654d1c1915c%26id%3Dd1001efdf4%26e%3Dff125e9213&amp;source=gmail&amp;ust=1705580483495000&amp;usg=AOvVaw1lKTWwbs1vKmggie67ji46\"><strong>Coalition M\u00b7\u00c9\u00b7D\u00b7I\u00b7A<\/strong>\u00b7<\/a>\u00a0lance son appel de candidatures pour la deuxi\u00e8me \u00e9dition de la\u00a0<em><strong>Formation entrepreneuriale M\u00b7\u00c9\u00b7D\u00b7I\u00b7A\u00b7 | P\u00f4le\u00a0entrepreneuriat\u00a0<\/strong><\/em><strong><em>\u2013<\/em><\/strong><em><strong>\u00a0HEC Montr\u00e9al<\/strong><\/em>, une opportunit\u00e9 enrichissante offerte \u00e0\u00a0<strong>20 producteur\u00b7trice\u00b7s autochtones, afro-descendant\u00b7e\u00b7s et racis\u00e9\u00b7e\u00b7s francophones<\/strong>\u00a0\u0153uvrant dans\u00a0<strong>l\u2019industrie des \u00e9crans au Qu\u00e9bec et au Canada<\/strong>.<\/p>\n<p>L\u2019ann\u00e9e derni\u00e8re, plus de 60 personnes de partout au pays et de tous les milieux ont tent\u00e9 leur chance. Parmi elles, 20 candidat\u00b7e\u00b7s ont \u00e9t\u00e9 s\u00e9lectionn\u00e9\u00b7e\u00b7s, repr\u00e9sentant diverses communaut\u00e9s culturelles du Qu\u00e9bec, de l\u2019Ontario et du Manitoba.<\/p>\n<p>Cette formation, qui s\u2019adresse \u00e0 des producteur\u00b7trice\u00b7s cr\u00e9ant de la fiction, du documentaire, des s\u00e9ries t\u00e9l\u00e9 ou num\u00e9riques, sera d\u00e9ploy\u00e9e sur une p\u00e9riode intensive de huit jours,\u00a0du 25 mars au 2 avril, suivie d\u2019une s\u00e9rie de conf\u00e9rences, d\u2019une possibilit\u00e9 de participer au March\u00e9 du film de Cannes en France et d\u2019un accompagnement personnalis\u00e9 jusqu\u2019en juillet 2024. La cohorte sera amen\u00e9e \u00e0 vivre une exp\u00e9rience d\u2019apprentissage portant, entre autres, sur la planification strat\u00e9gique, le d\u00e9veloppement du sens politique et le march\u00e9 international.<\/p>\n<h3 dir=\"ltr\"><strong>UNE PROGRAMMATION UNIQUE ET STRUCTURANTE<\/strong><\/h3>\n<p dir=\"ltr\"><strong>Les participant\u00b7e\u00b7s b\u00e9n\u00e9ficieront :<\/strong><\/p>\n<ul>\n<li dir=\"ltr\">d\u2019une formation intensive en deux volets : entrepreneuriat (en collaboration avec le P\u00f4le entrepreneuriat\u00a0<em>\u2013<\/em>HEC Montr\u00e9al) et internationalisation ;<\/li>\n<li dir=\"ltr\">des classes de ma\u00eetre, des \u00e9tudes de cas et des conf\u00e9rences avec des professionnel\u00b7le\u00b7s de calibre international ;<\/li>\n<li dir=\"ltr\">une activit\u00e9 de maillage et des s\u00e9ances de r\u00e9seautage et tables rondes avec des professionnel\u00b7le\u00b7s de l\u2019industrie ;<\/li>\n<li dir=\"ltr\">de l\u2019accompagnement individuel de quatre mois avec des professionnel\u00b7le\u00b7s chevronn\u00e9\u00b7e\u00b7s ;<\/li>\n<\/ul>\n<p>\u00ab\u00a0<em>\u00c0 la suite du succ\u00e8s de notre premi\u00e8re \u00e9dition, je suis ravi d\u2019annoncer la poursuite de notre programme de formation entrepreneuriale, d\u00e9montrant ainsi notre engagement continu \u00e0 transformer et faire \u00e9voluer l\u2019industrie audiovisuelle au Qu\u00e9bec et au Canada<\/em>, affirme\u00a0<strong>Patrice Jecrois<\/strong>,\u00a0<strong>directeur g\u00e9n\u00e9ral de la Coalition M\u00b7\u00c9\u00b7D\u00b7I\u00b7A\u00b7<\/strong>.\u00a0<em>Gr\u00e2ce aux soutiens de nos nombreux collaborateurs et partenaires, nous sommes pr\u00eats \u00e0 continuer \u00e0 fournir les outils et les connaissances n\u00e9cessaires aux producteur\u00b7trice\u00b7s francophones issu\u00b7e\u00b7s des communaut\u00e9s sous-repr\u00e9sent\u00e9es, les aidant ainsi \u00e0 rayonner dans l\u2019\u00e9cosyst\u00e8me culturel canadien.<\/em>\u00a0\u00bb \u00c0 noter que le contenu de la formation a \u00e9t\u00e9 bonifi\u00e9 cette ann\u00e9e. La p\u00e9riode de formation intensive (du 25 mars au 2 avril 2024) se tiendra enti\u00e8rement en personne \u00e0 Montr\u00e9al, de sorte que les participant\u00b7e\u00b7s qui viennent de l\u2019ext\u00e9rieur b\u00e9n\u00e9ficieront d\u2019une offre forfaitaire de transport et d\u2019h\u00e9bergement.<\/p>\n<p>En plus de tous les \u00e9l\u00e9ments propos\u00e9s lors de la premi\u00e8re mouture, tels que le d\u00e9veloppement du leadership, l\u2019image de marque, le marketing, la communication, la strat\u00e9gie d\u2019impact social et environnemental, la gestion des ressources humaines, le financement, la comptabilit\u00e9, les aspects l\u00e9gaux et la coproduction internationale, les aspects suivants ont \u00e9t\u00e9 ajout\u00e9s :<\/p>\n<ul>\n<li>Conf\u00e9rences dans le domaine de l\u2019animation et du num\u00e9rique<\/li>\n<li>Formation sur les cr\u00e9dits d\u2019imp\u00f4t<\/li>\n<li>Formation sur le financement int\u00e9rimaire<\/li>\n<\/ul>\n<h3><strong>FAIRE TOMBER LES BARRI\u00c8RES<\/strong><\/h3>\n<p>Cette formation a pour objectifs d\u2019outiller, d\u2019accompagner et de propulser la rel\u00e8ve d\u2019entrepreneur\u00b7e\u00b7s de la francophonie canadienne en audiovisuel. Elle a \u00e9t\u00e9 cr\u00e9\u00e9e afin d\u2019att\u00e9nuer la sous-repr\u00e9sentativit\u00e9 des communaut\u00e9s autochtones, afro-descendantes et racis\u00e9es dans les milieux m\u00e9diatiques au Qu\u00e9bec et au Canada.<\/p>\n<p>L\u2019initiative de la Coalition M\u00b7\u00c9\u00b7D\u00b7I\u00b7A\u00b7 est fort pertinente puisque les professionnel\u00b7le\u00b7s issu\u00b7e\u00b7s des communaut\u00e9s sous-repr\u00e9sent\u00e9es font face \u00e0 de nombreuses barri\u00e8res pour acc\u00e9der au milieu de l\u2019audiovisuel. Par exemple : le manque de financement, la difficult\u00e9 \u00e0 int\u00e9grer le r\u00e9seau de professionnel\u00b7le\u00b7s et de communiquer avec les diffuseurs et les d\u00e9cideur\u00b7deuse\u00b7s des bailleurs de fonds. Il y aurait m\u00eame des r\u00e9serves marqu\u00e9es \u00e0 l\u2019\u00e9gard de leurs r\u00e9cits et leurs projets.<\/p>\n<p>Plusieurs acteurs de l\u2019industrie s\u2019allient pour cr\u00e9er un parcours d\u2019apprentissage singulier. La sp\u00e9cificit\u00e9 de ce programme se trouve notamment dans la force de son r\u00e9seau de soutien, dans l\u2019acc\u00e8s au g\u00e9nie cr\u00e9atif et aux savoirs des meilleurs talents de l\u2019industrie canadienne et internationale, ainsi que dans les connexions qui perdureront bien au-del\u00e0 de la formation.<\/p>\n<h3><\/h3>\n<h3 dir=\"ltr\"><strong>RENSEIGNEMENTS CL\u00c9S<\/strong><\/h3>\n<div dir=\"ltr\">\n<ul>\n<li dir=\"ltr\"><strong>Appel de candidatures\u00a0:<\/strong>\u00a0du 16 janvier 2024 au 16 f\u00e9vrier 2024, \u00e0 23 h 59 (heure normale de l\u2019Est).<\/li>\n<li dir=\"ltr\"><strong>Quoi\u00a0?<\/strong>\u00a0Formation intensive sur les pratiques d\u2019affaires et rouages de l\u2019industrie de l\u2019audiovisuel nationale et internationale.<\/li>\n<li dir=\"ltr\"><strong>Quand\u00a0?<\/strong>\n<ul>\n<li dir=\"ltr\">\n<p dir=\"ltr\">Formation intensive du 25 mars au 2 avril 2024 ;<\/p>\n<\/li>\n<li dir=\"ltr\">\n<p dir=\"ltr\">Accompagnement individuel entre avril et juillet 2024.<\/p>\n<\/li>\n<\/ul>\n<\/li>\n<li dir=\"ltr\"><strong>O\u00f9\u00a0?<\/strong>\u00a0En personne \u00e0 Montr\u00e9al, Qc. Les participant\u00b7e\u00b7s qui viennent de l\u2019ext\u00e9rieur b\u00e9n\u00e9ficieront d\u2019une offre forfaitaire de transport et d\u2019h\u00e9bergement.<\/li>\n<li dir=\"ltr\"><strong>Pour qui\u00a0?<\/strong>\u00a020 producteur\u00b7trice\u00b7s francophones du milieu de l\u2019audiovisuel issu\u00b7e\u00b7s des communaut\u00e9s autochtones (Premi\u00e8res Nations, Inuit\u00b7e\u00b7s, M\u00e9tis\u00b7se\u00b7s), afro-descendantes et racis\u00e9es.<\/li>\n<li dir=\"ltr\"><strong>Co\u00fbt<\/strong>\u00a0<strong>:<\/strong>\u00a0La formation, dont le co\u00fbt est \u00e9valu\u00e9 \u00e0 10 000 dollars par personne, est offerte gratuitement gr\u00e2ce au soutien des partenaires financiers de la Coalition M\u00b7\u00c9\u00b7D\u00b7I\u00b7A\u00b7 : le Fonds des m\u00e9dias du Canada (FMC), T\u00e9l\u00e9film Canada.<\/li>\n<\/ul>\n<p dir=\"ltr\">D\u00e9couvrez comment participer et la programmation compl\u00e8te :\u00a0<a href=\"https:\/\/raisondetremedia.us17.list-manage.com\/track\/click?u=3bce93eee4ab8c654d1c1915c&amp;id=5d022bbc80&amp;e=ff125e9213\" target=\"_blank\" rel=\"noopener\" data-saferedirecturl=\"https:\/\/www.google.com\/url?q=https:\/\/raisondetremedia.us17.list-manage.com\/track\/click?u%3D3bce93eee4ab8c654d1c1915c%26id%3D5d022bbc80%26e%3Dff125e9213&amp;source=gmail&amp;ust=1705580483495000&amp;usg=AOvVaw3i17qz9cnnxwQn3SffxDaH\">coalition.media<\/a><\/p>\n<h3 dir=\"ltr\"><strong>T\u00c9MOIGNAGES DE LA COHORTE 2023<\/strong><\/h3>\n<p dir=\"ltr\"><strong>PATRICIA CHICA<\/strong><br \/>\n<u>Flirt Films<\/u><\/p>\n<p><em>\u00ab Je suis enchant\u00e9e d\u2019avoir pu b\u00e9n\u00e9ficier de cette formation. \u00c7a va m\u2019apporter une confiance, des outils et une meilleure performance \u00e0 l\u2019int\u00e9rieur de mon entreprise en tant que productrice et cin\u00e9aste au Qu\u00e9bec. \u00bb<\/em><\/p>\n<p><strong>SABINE DANIEL<\/strong><br \/>\n<u>Sabine Daniel Media<\/u><\/p>\n<p><em>\u00ab Cette formation a \u00e9t\u00e9 faite pour nous par des gens comme nous. Ils sont capables\u00a0de parler non seulement de la r\u00e9alit\u00e9 en tant que professionnels dans le m\u00e9tier, mais \u00e9galement des nuances qui se trouvent en tant que personnes issues de la diversit\u00e9. \u00bb<\/em><\/p>\n<p><strong>AMANDINE GAY<\/strong><br \/>\n<u>Ca\u00efssa Productions<\/u><\/p>\n<p><em>\u00ab Moi, ce qui m\u2019int\u00e9resse donc, c\u2019est de savoir comment est-ce qu\u2019on b\u00e2tit ce genre de carri\u00e8re-l\u00e0. Je pense que si on continue justement, comme cette formation nous donne, un parcours de vraiment se penser comme entrepreneur, de b\u00e2tir une strat\u00e9gie de long terme, de se construire un r\u00e9seau, \u00e7a grandit nos horizons. \u00bb<\/em><\/p>\n<p><strong>MOHAMMED MAROUAZI<\/strong><br \/>\n<u>L\u2019\u00e9toile du Canada<\/u><\/p>\n<p><em>\u00ab Gr\u00e2ce \u00e0 la formation entrepreneuriale, les choses commencent \u00e0 se diluer devant moi et je commence \u00e0 voir mieux o\u00f9 est-ce que je dois mettre ma main et qu\u2019est qu\u2019il faut que je touche pour pouvoir avoir les fonds pour r\u00e9aliser mes projets en tant qu\u2019entrepreneur. \u00bb\u00a0<\/em><\/p>\n<p><strong>NADIA ZOUAOUI<\/strong><br \/>\n<u>Les Productions NadiaZ<\/u><\/p>\n<p><em>\u00ab Cette formation qu\u2019on nous offre, c\u2019est vraiment une chance, c\u2019est inou\u00efe parce que \u00e7a nous propulse dans le monde de l\u2019entrepreneuriat, mais pour les culturelles*. \u00bb\u00a0*Les culturelles dans le sens des professionnel\u00b7l\u00b7e\u00b7s de la culture<\/em><\/p>\n<\/div>\n","protected":false},"excerpt":{"rendered":"<p>Un parcours d\u2019apprentissage unique s\u2019ouvre aux producteur\u00b7trice\u00b7s autochtones, afro-descendant\u00b7e\u00b7s et racis\u00e9\u00b7e\u00b7s de l\u2019industrie audiovisuelle La Coalition M\u00b7\u00c9\u00b7D\u00b7I\u00b7A\u00b7 lance un appel de candidatures ! La\u00a0Coalition M\u00b7\u00c9\u00b7D\u00b7I\u00b7A\u00b7\u00a0lance son appel de candidatures pour [&hellip;]<\/p>\n","protected":false},"author":43,"featured_media":6561,"comment_status":"open","ping_status":"open","sticky":false,"template":"","format":"standard","meta":{"_acf_changed":false,"_uf_show_specific_survey":0,"_uf_disable_surveys":false,"_EventAllDay":false,"_EventTimezone":"","_EventStartDate":"","_EventEndDate":"","_EventStartDateUTC":"","_EventEndDateUTC":"","_EventShowMap":false,"_EventShowMapLink":false,"_EventURL":"","_EventCost":"","_EventCostDescription":"","_EventCurrencySymbol":"","_EventCurrencyCode":"","_EventCurrencyPosition":"","_EventDateTimeSeparator":"","_EventTimeRangeSeparator":"","_EventOrganizerID":[],"_EventVenueID":[],"_OrganizerEmail":"","_OrganizerPhone":"","_OrganizerWebsite":"","_VenueAddress":"","_VenueCity":"","_VenueCountry":"","_VenueProvince":"","_VenueState":"","_VenueZip":"","_VenuePhone":"","_VenueURL":"","_VenueStateProvince":"","_VenueLat":"","_VenueLng":"","_VenueShowMap":false,"_VenueShowMapLink":false,"footnotes":""},"categories":[5],"tags":[256,255],"class_list":["post-6559","post","type-post","status-publish","format-standard","has-post-thumbnail","hentry","category-nouvelles","tag-autochtones","tag-la-formation-entrepreneuriale"],"acf":[],"meta_box":[],"_links":{"self":[{"href":"https:\/\/cje-ndg.com\/fr\/wp-json\/wp\/v2\/posts\/6559","targetHints":{"allow":["GET"]}}],"collection":[{"href":"https:\/\/cje-ndg.com\/fr\/wp-json\/wp\/v2\/posts"}],"about":[{"href":"https:\/\/cje-ndg.com\/fr\/wp-json\/wp\/v2\/types\/post"}],"author":[{"embeddable":true,"href":"https:\/\/cje-ndg.com\/fr\/wp-json\/wp\/v2\/users\/43"}],"replies":[{"embeddable":true,"href":"https:\/\/cje-ndg.com\/fr\/wp-json\/wp\/v2\/comments?post=6559"}],"version-history":[{"count":0,"href":"https:\/\/cje-ndg.com\/fr\/wp-json\/wp\/v2\/posts\/6559\/revisions"}],"wp:featuredmedia":[{"embeddable":true,"href":"https:\/\/cje-ndg.com\/fr\/wp-json\/wp\/v2\/media\/6561"}],"wp:attachment":[{"href":"https:\/\/cje-ndg.com\/fr\/wp-json\/wp\/v2\/media?parent=6559"}],"wp:term":[{"taxonomy":"category","embeddable":true,"href":"https:\/\/cje-ndg.com\/fr\/wp-json\/wp\/v2\/categories?post=6559"},{"taxonomy":"post_tag","embeddable":true,"href":"https:\/\/cje-ndg.com\/fr\/wp-json\/wp\/v2\/tags?post=6559"}],"curies":[{"name":"wp","href":"https:\/\/api.w.org\/{rel}","templated":true}]}}