{"id":6743,"date":"2024-04-04T11:19:10","date_gmt":"2024-04-04T15:19:10","guid":{"rendered":"https:\/\/cje-ndg.com\/?p=6743"},"modified":"2024-04-04T11:28:16","modified_gmt":"2024-04-04T15:28:16","slug":"appel-a-candidatures-lojiq-entrepreneurs-de-la-releve-participez-au-rendez-vous-daffaires-de-la-francophonie","status":"publish","type":"post","link":"https:\/\/cje-ndg.com\/fr\/appel-a-candidatures-lojiq-entrepreneurs-de-la-releve-participez-au-rendez-vous-daffaires-de-la-francophonie\/","title":{"rendered":"Entrepreneurs de la rel\u00e8ve, participez au rendez-vous d&#8217;affaires de la Francophonie!"},"content":{"rendered":"<p style=\"font-weight: 400;\">LOJIQ &#8211; Les Offices jeunesse internationaux du Qu\u00e9bec, en partenariat avec Qu\u00e9bec International et le Centre des congr\u00e8s de Qu\u00e9bec, soutiendra une importante participation de jeunes entrepreneur\u00b7es du Qu\u00e9bec \u00e0 la 2\u1d49 \u00e9dition <strong>du\u00a0<a href=\"https:\/\/www.lojiq.org\/projets-cles-en-main\/participe-au-rendez-vous-daffaires-de-la-francophonie-quebec-canada\/\" data-saferedirecturl=\"https:\/\/www.google.com\/url?q=https:\/\/www.lojiq.org\/projets-cles-en-main\/participe-au-rendez-vous-daffaires-de-la-francophonie-quebec-canada\/&amp;source=gmail&amp;ust=1711854180105000&amp;usg=AOvVaw35xgLdE0Q7j8Wg8B4sNNJN\">Rendez-vous d&#8217;affaires de la Francophonie\u00a0<\/a>du 12 au 14 juin 2024 \u00e0 Qu\u00e9bec<\/strong>. Cette 2\u1d49 \u00e9dition comprendra un panel d\u2019\u00e9change qui r\u00e9unira d\u2019audacieux acteurs de la rel\u00e8ve entrepreneuriale des quatre coins du globe.<\/p>\n<p>\u00c0 la suite du succ\u00e8s rencontr\u00e9 lors de sa\u00a0<a href=\"https:\/\/www.youtube.com\/watch?v=Y3JsP8kEtd0\" data-saferedirecturl=\"https:\/\/www.google.com\/url?q=https:\/\/www.youtube.com\/watch?v%3DY3JsP8kEtd0&amp;source=gmail&amp;ust=1711854180105000&amp;usg=AOvVaw3cCQsl61CAr5CDeT8Wpb1Q\">premi\u00e8re \u00e9dition<\/a>, le Rendez-vous d\u2019affaires de la Francophonie sera de retour dans la r\u00e9gion de la Capitale-Nationale, du 12 au 14 juin 2024,\u202fau Centre des congr\u00e8s de Qu\u00e9bec.<\/p>\n<p>Le\u00a0<u><a href=\"https:\/\/www.lojiq.org\/projets-cles-en-main\/participe-au-rendez-vous-daffaires-de-la-francophonie-quebec-canada\/\" data-saferedirecturl=\"https:\/\/www.google.com\/url?q=https:\/\/www.lojiq.org\/projets-cles-en-main\/participe-au-rendez-vous-daffaires-de-la-francophonie-quebec-canada\/&amp;source=gmail&amp;ust=1711854180105000&amp;usg=AOvVaw35xgLdE0Q7j8Wg8B4sNNJN\">Rendez-vous d\u2019affaires de la Francophonie<\/a><\/u>, c\u2019est :<\/p>\n<ul style=\"font-weight: 400;\">\n<li>L\u2019opportunit\u00e9 de rencontrer des centaines d\u2019entrepreneur<a href=\"https:\/\/mail.google.com\/mail\/u\/1\/?ogbl#search\/caroline\/FMfcgzGxSRPkMmQcGdtlBpzpQFbcDzFB?compose=DmwnWsltqCHsNcjQBFRzNtXhlBfGfjRFrCzGdJRllwXdXDTXbPqmCRvqnhpLPmvCvSqnrRlmDBnl&amp;projector=1\">https:\/\/mail.google.com\/mail\/u\/1\/?ogbl#search\/caroline\/FMfcgzGxSRPkMmQcGdtlBpzpQFbcDzFB?compose=DmwnWsltqCHsNcjQBFRzNtXhlBfGfjRFrCzGdJRllwXdXDTXbPqmCRvqnhpLPmvCvSqnrRlmDBnl&amp;projector=1<\/a>\u00b7es et de tisser des liens profitables dans le vaste r\u00e9seau d\u2019affaires francophone<\/li>\n<li>Un contenu riche d\u2019une douzaine de conf\u00e9rences sur des th\u00e9matiques animant les r\u00e9flexions du monde francophone d\u2019aujourd&#8217;hui, dont : l\u2019audace, le r\u00e9seautage et le mentorat en entrepreneuriat, la puissance et les alliances strat\u00e9giques des femmes, l\u2019espace num\u00e9rique et le portrait \u00e9conomique actuel<\/li>\n<li>Des rencontres d\u2019affaires (B2B)<\/li>\n<li>Des moments de r\u00e9seautage exclusifs<\/li>\n<\/ul>\n<p style=\"font-weight: 400;\"><strong>Profil des\u00a0<a href=\"http:\/\/participant.es\/\" data-saferedirecturl=\"https:\/\/www.google.com\/url?q=http:\/\/participant.es&amp;source=gmail&amp;ust=1711854180105000&amp;usg=AOvVaw1ypZLxhVfesputnlHmvSJa\">participant.es<\/a>\u00a0<a href=\"http:\/\/xn--recherch-i1a.es\/\" data-saferedirecturl=\"https:\/\/www.google.com\/url?q=http:\/\/xn--recherch-i1a.es&amp;source=gmail&amp;ust=1711854180105000&amp;usg=AOvVaw3VwMz0O0vmCenuf20lHG7C\">recherch\u00e9.es<\/a>\u00a0:<\/strong><\/p>\n<ul style=\"font-weight: 400;\">\n<li style=\"list-style-type: none;\">\n<ul>\n<li>Avoir entre 18 et 35 ans<\/li>\n<li>\u00catre \u00e0 la t\u00eate d\u2019une entreprise en activit\u00e9\u202fou \u00eatre porteur\u00b7euse\u00a0d&#8217;un projet d\u2019entreprise<\/li>\n<li>Avoir de l\u2019int\u00e9r\u00eat \u00e0 faire du d\u00e9veloppement d\u2019affaires en francophonie<\/li>\n<li>Plus de d\u00e9tails\u00a0<a href=\"https:\/\/www.lojiq.org\/projets-cles-en-main\/participe-au-rendez-vous-daffaires-de-la-francophonie-quebec-canada\/\" data-saferedirecturl=\"https:\/\/www.google.com\/url?q=https:\/\/www.lojiq.org\/projets-cles-en-main\/participe-au-rendez-vous-daffaires-de-la-francophonie-quebec-canada\/&amp;source=gmail&amp;ust=1711854180105000&amp;usg=AOvVaw35xgLdE0Q7j8Wg8B4sNNJN\">ici<\/a><\/li>\n<\/ul>\n<\/li>\n<\/ul>\n<p style=\"font-weight: 400;\"><strong>Appui offert\u00a0:<\/strong><\/p>\n<ul style=\"font-weight: 400;\">\n<li>Une prise en charge de l&#8217;h\u00e9bergement par LOJIQ (r\u00e9servation et paiement) pour les 5 nuit\u00e9es<\/li>\n<li>Un montant forfaitaire pour le transport vers la ville de Qu\u00e9bec selon les\u00a0<a href=\"https:\/\/www.lojiq.org\/soutien-financier\/\" data-saferedirecturl=\"https:\/\/www.google.com\/url?q=https:\/\/www.lojiq.org\/soutien-financier\/&amp;source=gmail&amp;ust=1711854180105000&amp;usg=AOvVaw3lSUdWD7H35UqekcYPlLA3\">normes en vigueur<\/a>\u00a0de LOJIQ<\/li>\n<li>Un programme de visites de l\u2019\u00e9cosyst\u00e8me qu\u00e9b\u00e9cois en amont de l\u2019\u00e9v\u00e9nement le 11 juin 2024<\/li>\n<li>Une prise en charge des frais d&#8217;inscription au Rendez-vous d&#8217;affaires de la Francophonie 2024 (d&#8217;une valeur de 900$) qui inclut les avantages suivants :<\/li>\n<\/ul>\n<ul style=\"font-weight: 400;\">\n<li>Programme complet de conf\u00e9rences sur les th\u00e9matiques cibl\u00e9es (4 salles en parall\u00e8le)<\/li>\n<li>Espace r\u00e9seautage sur place (via une plateforme \u00ab BtoB \u00bb en ligne)<\/li>\n<li>Repas inclus du 12 au 14 juin 2024, pendant l&#8217;\u00e9v\u00e9nement\u00a0(pauses, d\u00eeners, cocktails et souper gala)<\/li>\n<\/ul>\n<p style=\"font-weight: 400;\">Pour plus de d\u00e9tails<strong>, cliquez sur le lien suivant\u00a0:\u00a0<a href=\"https:\/\/www.lojiq.org\/projets-cles-en-main\/participe-au-rendez-vous-daffaires-de-la-francophonie-quebec-canada\/\" data-saferedirecturl=\"https:\/\/www.google.com\/url?q=https:\/\/www.lojiq.org\/projets-cles-en-main\/participe-au-rendez-vous-daffaires-de-la-francophonie-quebec-canada\/&amp;source=gmail&amp;ust=1711854180105000&amp;usg=AOvVaw35xgLdE0Q7j8Wg8B4sNNJN\">https:\/\/www.lojiq.org\/projets-cles-en-main\/participe-au-rendez-vous-daffaires-de-la-francophonie-quebec-canada\/<\/a><\/strong><\/p>\n","protected":false},"excerpt":{"rendered":"<p>LOJIQ &#8211; Les Offices jeunesse internationaux du Qu\u00e9bec, en partenariat avec Qu\u00e9bec International et le Centre des congr\u00e8s de Qu\u00e9bec, soutiendra une importante participation de jeunes entrepreneur\u00b7es du Qu\u00e9bec \u00e0 [&hellip;]<\/p>\n","protected":false},"author":43,"featured_media":6744,"comment_status":"open","ping_status":"open","sticky":false,"template":"","format":"standard","meta":{"_acf_changed":false,"_uf_show_specific_survey":0,"_uf_disable_surveys":false,"_EventAllDay":false,"_EventTimezone":"","_EventStartDate":"","_EventEndDate":"","_EventStartDateUTC":"","_EventEndDateUTC":"","_EventShowMap":false,"_EventShowMapLink":false,"_EventURL":"","_EventCost":"","_EventCostDescription":"","_EventCurrencySymbol":"","_EventCurrencyCode":"","_EventCurrencyPosition":"","_EventDateTimeSeparator":"","_EventTimeRangeSeparator":"","_EventOrganizerID":[],"_EventVenueID":[],"_OrganizerEmail":"","_OrganizerPhone":"","_OrganizerWebsite":"","_VenueAddress":"","_VenueCity":"","_VenueCountry":"","_VenueProvince":"","_VenueState":"","_VenueZip":"","_VenuePhone":"","_VenueURL":"","_VenueStateProvince":"","_VenueLat":"","_VenueLng":"","_VenueShowMap":false,"_VenueShowMapLink":false,"footnotes":""},"categories":[5],"tags":[],"class_list":["post-6743","post","type-post","status-publish","format-standard","has-post-thumbnail","hentry","category-nouvelles"],"acf":[],"meta_box":[],"_links":{"self":[{"href":"https:\/\/cje-ndg.com\/fr\/wp-json\/wp\/v2\/posts\/6743","targetHints":{"allow":["GET"]}}],"collection":[{"href":"https:\/\/cje-ndg.com\/fr\/wp-json\/wp\/v2\/posts"}],"about":[{"href":"https:\/\/cje-ndg.com\/fr\/wp-json\/wp\/v2\/types\/post"}],"author":[{"embeddable":true,"href":"https:\/\/cje-ndg.com\/fr\/wp-json\/wp\/v2\/users\/43"}],"replies":[{"embeddable":true,"href":"https:\/\/cje-ndg.com\/fr\/wp-json\/wp\/v2\/comments?post=6743"}],"version-history":[{"count":0,"href":"https:\/\/cje-ndg.com\/fr\/wp-json\/wp\/v2\/posts\/6743\/revisions"}],"wp:featuredmedia":[{"embeddable":true,"href":"https:\/\/cje-ndg.com\/fr\/wp-json\/wp\/v2\/media\/6744"}],"wp:attachment":[{"href":"https:\/\/cje-ndg.com\/fr\/wp-json\/wp\/v2\/media?parent=6743"}],"wp:term":[{"taxonomy":"category","embeddable":true,"href":"https:\/\/cje-ndg.com\/fr\/wp-json\/wp\/v2\/categories?post=6743"},{"taxonomy":"post_tag","embeddable":true,"href":"https:\/\/cje-ndg.com\/fr\/wp-json\/wp\/v2\/tags?post=6743"}],"curies":[{"name":"wp","href":"https:\/\/api.w.org\/{rel}","templated":true}]}}