{"id":7488,"date":"2024-11-01T11:49:38","date_gmt":"2024-11-01T15:49:38","guid":{"rendered":"https:\/\/cje-ndg.com\/?p=7488"},"modified":"2024-10-28T12:11:02","modified_gmt":"2024-10-28T16:11:02","slug":"lancement-de-lappel-de-candidatures-pour-les-prix-reconnaissance-jeunesse","status":"publish","type":"post","link":"https:\/\/cje-ndg.com\/fr\/lancement-de-lappel-de-candidatures-pour-les-prix-reconnaissance-jeunesse\/","title":{"rendered":"Lancement de l\u2019appel de candidatures pour les prix Reconnaissance jeunesse"},"content":{"rendered":"<p>C\u2019est le temps de faire rayonner les jeunes ainsi que les intervenantes et intervenants jeunesse : l\u2019appel de candidatures pour les prix Reconnaissance jeunesse 2025 est en cours!<\/p>\n<p>Jusqu\u2019au 4 d\u00e9cembre, toute personne int\u00e9ress\u00e9e peut pr\u00e9senter sa candidature ou celle de quelqu\u2019un d\u2019autre \u00e0 l\u2019un des 10 prix Reconnaissance jeunesse. Ceux-ci visent \u00e0 mettre en lumi\u00e8re des\u00a0<b>jeunes de 15 \u00e0 35 ans<\/b>\u00a0ainsi que des\u00a0<b>intervenantes et intervenants jeunesse<\/b>\u00a0dont le parcours est source d&#8217;inspiration.<\/p>\n<p>Pour cette 7<sup>e<\/sup>\u00a0\u00e9dition, un total de 16\u00a0000\u00a0$ sera remis en bourses aux laur\u00e9ates et aux laur\u00e9ats qui seront d\u00e9voil\u00e9s au printemps 2025, dans le cadre d\u2019une c\u00e9r\u00e9monie de remise officielle, \u00e0 Qu\u00e9bec.<\/p>\n<p>Passez le mot dans votre r\u00e9seau! Vous pouvez entre autres\u00a0:<\/p>\n<ul>\n<li>partager les publications des m\u00e9dias sociaux du Secr\u00e9tariat \u00e0 la jeunesse (<a href=\"https:\/\/www.facebook.com\/SAJQC\/videos\/543247695305254\" target=\"_blank\" rel=\"noopener\" data-saferedirecturl=\"https:\/\/www.google.com\/url?q=https:\/\/www.facebook.com\/SAJQC\/videos\/543247695305254&amp;source=gmail&amp;ust=1729967413619000&amp;usg=AOvVaw32Sbl6ofY95pK-fDBXvdJw\">Facebook<\/a>,\u00a0<a href=\"https:\/\/x.com\/SAJ_Qc\/status\/1849188070156902813\" target=\"_blank\" rel=\"noopener\" data-saferedirecturl=\"https:\/\/www.google.com\/url?q=https:\/\/x.com\/SAJ_Qc\/status\/1849188070156902813&amp;source=gmail&amp;ust=1729967413619000&amp;usg=AOvVaw0HS2_vriVOP7bHTh6OGxyH\">X<\/a>,\u00a0<a href=\"https:\/\/www.linkedin.com\/posts\/secretariat-jeunesse_prixreconnaissancejeunesse-activity-7254938058272161792-6qGM?utm_source=share&amp;utm_medium=member_desktop\" target=\"_blank\" rel=\"noopener\" data-saferedirecturl=\"https:\/\/www.google.com\/url?q=https:\/\/www.linkedin.com\/posts\/secretariat-jeunesse_prixreconnaissancejeunesse-activity-7254938058272161792-6qGM?utm_source%3Dshare%26utm_medium%3Dmember_desktop&amp;source=gmail&amp;ust=1729967413619000&amp;usg=AOvVaw0vy6V6KegSLStn7CNVHI6S\">LinkedIn<\/a>\u00a0et\u00a0<a href=\"https:\/\/www.instagram.com\/reel\/DBfUQC5P2-H\/?utm_source=ig_web_copy_link&amp;igsh=MzRlODBiNWFlZA==\" target=\"_blank\" rel=\"noopener\" data-saferedirecturl=\"https:\/\/www.google.com\/url?q=https:\/\/www.instagram.com\/reel\/DBfUQC5P2-H\/?utm_source%3Dig_web_copy_link%26igsh%3DMzRlODBiNWFlZA%3D%3D&amp;source=gmail&amp;ust=1729967413619000&amp;usg=AOvVaw38s6kbDRqBpLf91-suOX3G\">Instagram<\/a>);<\/li>\n<li>publier l\u2019actualit\u00e9 et les visuels dans le site Web ou l\u2019intranet de votre organisation. T\u00e9l\u00e9chargez-les via ce lien\u00a0:\u00a0<a href=\"https:\/\/we.tl\/t-0J6SYSHge9\" target=\"_blank\" rel=\"noopener\" data-saferedirecturl=\"https:\/\/www.google.com\/url?q=https:\/\/we.tl\/t-0J6SYSHge9&amp;source=gmail&amp;ust=1729967413619000&amp;usg=AOvVaw2RIBUfmYklHlzvxpBfvNMM\">https:\/\/we.tl\/t-<wbr \/>0J6SYSHge9<\/a><\/li>\n<\/ul>\n<p>Merci de nous aider \u00e0 faire de cet appel de candidatures un succ\u00e8s!<\/p>\n","protected":false},"excerpt":{"rendered":"<p>C\u2019est le temps de faire rayonner les jeunes ainsi que les intervenantes et intervenants jeunesse : l\u2019appel de candidatures pour les prix Reconnaissance jeunesse 2025 est en cours! Jusqu\u2019au 4 [&hellip;]<\/p>\n","protected":false},"author":43,"featured_media":7490,"comment_status":"open","ping_status":"open","sticky":false,"template":"","format":"standard","meta":{"_acf_changed":false,"_uf_show_specific_survey":0,"_uf_disable_surveys":false,"_EventAllDay":false,"_EventTimezone":"","_EventStartDate":"","_EventEndDate":"","_EventStartDateUTC":"","_EventEndDateUTC":"","_EventShowMap":false,"_EventShowMapLink":false,"_EventURL":"","_EventCost":"","_EventCostDescription":"","_EventCurrencySymbol":"","_EventCurrencyCode":"","_EventCurrencyPosition":"","_EventDateTimeSeparator":"","_EventTimeRangeSeparator":"","_EventOrganizerID":[],"_EventVenueID":[],"_OrganizerEmail":"","_OrganizerPhone":"","_OrganizerWebsite":"","_VenueAddress":"","_VenueCity":"","_VenueCountry":"","_VenueProvince":"","_VenueState":"","_VenueZip":"","_VenuePhone":"","_VenueURL":"","_VenueStateProvince":"","_VenueLat":"","_VenueLng":"","_VenueShowMap":false,"_VenueShowMapLink":false,"footnotes":""},"categories":[5],"tags":[],"class_list":["post-7488","post","type-post","status-publish","format-standard","has-post-thumbnail","hentry","category-nouvelles"],"acf":[],"meta_box":[],"_links":{"self":[{"href":"https:\/\/cje-ndg.com\/fr\/wp-json\/wp\/v2\/posts\/7488","targetHints":{"allow":["GET"]}}],"collection":[{"href":"https:\/\/cje-ndg.com\/fr\/wp-json\/wp\/v2\/posts"}],"about":[{"href":"https:\/\/cje-ndg.com\/fr\/wp-json\/wp\/v2\/types\/post"}],"author":[{"embeddable":true,"href":"https:\/\/cje-ndg.com\/fr\/wp-json\/wp\/v2\/users\/43"}],"replies":[{"embeddable":true,"href":"https:\/\/cje-ndg.com\/fr\/wp-json\/wp\/v2\/comments?post=7488"}],"version-history":[{"count":0,"href":"https:\/\/cje-ndg.com\/fr\/wp-json\/wp\/v2\/posts\/7488\/revisions"}],"wp:featuredmedia":[{"embeddable":true,"href":"https:\/\/cje-ndg.com\/fr\/wp-json\/wp\/v2\/media\/7490"}],"wp:attachment":[{"href":"https:\/\/cje-ndg.com\/fr\/wp-json\/wp\/v2\/media?parent=7488"}],"wp:term":[{"taxonomy":"category","embeddable":true,"href":"https:\/\/cje-ndg.com\/fr\/wp-json\/wp\/v2\/categories?post=7488"},{"taxonomy":"post_tag","embeddable":true,"href":"https:\/\/cje-ndg.com\/fr\/wp-json\/wp\/v2\/tags?post=7488"}],"curies":[{"name":"wp","href":"https:\/\/api.w.org\/{rel}","templated":true}]}}