{"id":148,"count":1,"description":"","link":"https:\/\/cje-ndg.com\/fr\/etiquettes\/je-mintegre-en-francais-a-tadoussac\/","name":"Je m\u2019int\u00e8gre en fran\u00e7ais \u00e0 Tadoussac","slug":"je-mintegre-en-francais-a-tadoussac","taxonomy":"post_tag","meta":[],"meta_box":[],"_links":{"self":[{"href":"https:\/\/cje-ndg.com\/fr\/wp-json\/wp\/v2\/tags\/148","targetHints":{"allow":["GET"]}}],"collection":[{"href":"https:\/\/cje-ndg.com\/fr\/wp-json\/wp\/v2\/tags"}],"about":[{"href":"https:\/\/cje-ndg.com\/fr\/wp-json\/wp\/v2\/taxonomies\/post_tag"}],"wp:post_type":[{"href":"https:\/\/cje-ndg.com\/fr\/wp-json\/wp\/v2\/posts?tags=148"},{"href":"https:\/\/cje-ndg.com\/fr\/wp-json\/wp\/v2\/employe?tags=148"},{"href":"https:\/\/cje-ndg.com\/fr\/wp-json\/wp\/v2\/tribe_events?tags=148"},{"href":"https:\/\/cje-ndg.com\/fr\/wp-json\/wp\/v2\/tec_calendar_embed?tags=148"},{"href":"https:\/\/cje-ndg.com\/fr\/wp-json\/wp\/v2\/mec-events?tags=148"}],"curies":[{"name":"wp","href":"https:\/\/api.w.org\/{rel}","templated":true}]}}